{"id":2682,"date":"2020-09-12T19:18:40","date_gmt":"2020-09-12T19:18:40","guid":{"rendered":"https:\/\/www.janmikulecky.com\/?p=2682"},"modified":"2020-08-27T08:52:38","modified_gmt":"2020-08-27T08:52:38","slug":"jan-mikulecky-rozsireni-tesca-neovlivni-zivotni-prostredi","status":"publish","type":"post","link":"https:\/\/www.jan-mikulecky.cz\/index.php\/2020\/09\/12\/jan-mikulecky-rozsireni-tesca-neovlivni-zivotni-prostredi\/","title":{"rendered":"Jan Mikuleck\u00fd: Roz\u0161\u00ed\u0159en\u00ed Tesca neovlivn\u00ed \u017eivotn\u00ed prost\u0159ed\u00ed"},"content":{"rendered":"<p><img loading=\"lazy\" class=\"size-thumbnail wp-image-2683 alignleft\" src=\"https:\/\/www.janmikulecky.com\/wp-content\/uploads\/2018\/09\/Jan-Mikulecky-zastupitel-Letnany-McD-150x150.jpg\" alt=\"\" width=\"150\" height=\"150\">Na voln\u00e9m prostoru mezi obchodn\u00edm domem Kika a Tupolevovou ulic\u00ed bude v&nbsp;p\u0159\u00ed\u0161t\u00edch m\u011bs\u00edc\u00edch zah\u00e1jena v\u00fdstavba autosal\u00f3nu a restaurace McDonald\u2019s. Podle vyj\u00e1d\u0159en\u00ed Odboru ochrany prost\u0159ed\u00ed MHMP stavba v\u00fdznamn\u011b neovlivn\u00ed \u017eivotn\u00ed prost\u0159edn\u00ed v&nbsp;Let\u0148anech, pokud budou realizov\u00e1na opat\u0159en\u00ed, kter\u00e1 investor s\u00e1m navrhuje. Jan Mikuleck\u00fd k tomu d\u00e1le sd\u011blil.<!--more--><\/p>\n<p>V\u00fdstavba je situov\u00e1na na voln\u00e9 pozemky, kter\u00e9 nejsou vyu\u017e\u00edvan\u00e9 k&nbsp;zem\u011bd\u011blsk\u00e9 \u010dinnost a tvo\u0159\u00ed posledn\u00ed volnou plochu ur\u010denou v&nbsp;souladu s&nbsp;\u00fazemn\u00edm pl\u00e1nem ke komer\u010dn\u00ed v\u00fdstavb\u011b. &#8222;Z\u00e1stavbou t\u00e9to oblasti dojde k&nbsp;ukon\u010den\u00ed v\u00fdstavby cel\u00e9ho obchodn\u00edho komplexu,&#8220; \u0159\u00edk\u00e1 Jan Mikuleck\u00fd, zastupitel Let\u0148any.<\/p>\n<p>N\u00e1r\u016fst emis\u00ed z&nbsp;d\u016fvodu zv\u00fd\u0161en\u00e9 dopravy bude minim\u00e1ln\u00ed, stejn\u011b tak zv\u00fd\u0161en\u00ed hlukov\u00e9 hladiny, kter\u00e9 je o\u010dek\u00e1v\u00e1no pouze v&nbsp;\u0159\u00e1du desetin dB. &#8222;V&nbsp;bl\u00edzk\u00fdch panel\u00e1c\u00edch dojde \u010d\u00e1ste\u010dn\u011b k&nbsp;m\u00edrn\u00e9mu poklesu celkov\u00e9 hladiny hluku, proto\u017ee zvuk od aut bude odclon\u011bn stavbou nov\u00fdch objekt\u016f,&#8220; upozor\u0148uje,&#8220; Jan Mikuleck\u00fd, zastupitel Let\u0148any. I p\u0159esto by m\u011bla b\u00fdt sou\u010d\u00e1st\u00ed projektu nov\u00e1 ochrann\u00e1 zele\u0148 u Tupolevovy ulice. Nav\u00edc bude p\u0159ilehl\u00e9 parkovi\u0161t\u011b roz\u010dlen\u011bno vysazen\u00fdmi stromy pro ka\u017ed\u00fdch 5 parkovac\u00edch st\u00e1n\u00ed.<\/p>\n<p>Dokon\u010den\u00edm v\u00fdstavby dojde k&nbsp;revitalizaci cel\u00e9ho \u00fazem\u00ed mezi obchodn\u00ed z\u00f3nou a Tupolevovou ulic\u00ed. &#8222;V\u011bt\u0161\u00ed \u010d\u00e1st zm\u00edn\u011bn\u00e9ho \u00fazem\u00ed se zm\u011bn\u00ed z&nbsp;bl\u00e1tiv\u00e9 plochy na zelenou, kterou budou moci let\u0148an\u0161t\u00ed vyu\u017e\u00edvat stejn\u011b jako st\u00e1vaj\u00edc\u00ed park u Tesca,&#8220; dodal Jan Mikuleck\u00fd, zastupitel Let\u0148any.<\/p>\n<p><img loading=\"lazy\" class=\"alignnone size-large wp-image-2683\" src=\"https:\/\/www.janmikulecky.com\/wp-content\/uploads\/2018\/09\/Jan-Mikulecky-zastupitel-Letnany-McD-1024x389.jpg\" alt=\"\" width=\"840\" height=\"319\"><\/p>\n","protected":false},"excerpt":{"rendered":"<p>Na voln\u00e9m prostoru mezi obchodn\u00edm domem Kika a Tupolevovou ulic\u00ed bude v&nbsp;p\u0159\u00ed\u0161t\u00edch m\u011bs\u00edc\u00edch zah\u00e1jena v\u00fdstavba autosal\u00f3nu a restaurace McDonald\u2019s. Podle vyj\u00e1d\u0159en\u00ed Odboru ochrany prost\u0159ed\u00ed MHMP stavba v\u00fdznamn\u011b neovlivn\u00ed \u017eivotn\u00ed prost\u0159edn\u00ed v&nbsp;Let\u0148anech, pokud budou realizov\u00e1na opat\u0159en\u00ed, kter\u00e1 investor s\u00e1m navrhuje. Jan Mikuleck\u00fd k tomu d\u00e1le sd\u011blil.<\/p>\n","protected":false},"author":1,"featured_media":0,"comment_status":"closed","ping_status":"open","sticky":false,"template":"","format":"standard","meta":[],"categories":[1],"tags":[],"_links":{"self":[{"href":"https:\/\/www.jan-mikulecky.cz\/index.php\/wp-json\/wp\/v2\/posts\/2682"}],"collection":[{"href":"https:\/\/www.jan-mikulecky.cz\/index.php\/wp-json\/wp\/v2\/posts"}],"about":[{"href":"https:\/\/www.jan-mikulecky.cz\/index.php\/wp-json\/wp\/v2\/types\/post"}],"author":[{"embeddable":true,"href":"https:\/\/www.jan-mikulecky.cz\/index.php\/wp-json\/wp\/v2\/users\/1"}],"replies":[{"embeddable":true,"href":"https:\/\/www.jan-mikulecky.cz\/index.php\/wp-json\/wp\/v2\/comments?post=2682"}],"version-history":[{"count":1,"href":"https:\/\/www.jan-mikulecky.cz\/index.php\/wp-json\/wp\/v2\/posts\/2682\/revisions"}],"predecessor-version":[{"id":2718,"href":"https:\/\/www.jan-mikulecky.cz\/index.php\/wp-json\/wp\/v2\/posts\/2682\/revisions\/2718"}],"wp:attachment":[{"href":"https:\/\/www.jan-mikulecky.cz\/index.php\/wp-json\/wp\/v2\/media?parent=2682"}],"wp:term":[{"taxonomy":"category","embeddable":true,"href":"https:\/\/www.jan-mikulecky.cz\/index.php\/wp-json\/wp\/v2\/categories?post=2682"},{"taxonomy":"post_tag","embeddable":true,"href":"https:\/\/www.jan-mikulecky.cz\/index.php\/wp-json\/wp\/v2\/tags?post=2682"}],"curies":[{"name":"wp","href":"https:\/\/api.w.org\/{rel}","templated":true}]}}