{"id":2691,"date":"2021-02-01T20:01:06","date_gmt":"2021-02-01T20:01:06","guid":{"rendered":"https:\/\/www.janmikulecky.com\/?p=2691"},"modified":"2020-08-27T09:17:16","modified_gmt":"2020-08-27T09:17:16","slug":"jan-mikulecky-letnany-zastupitel-2691-2","status":"publish","type":"post","link":"https:\/\/www.jan-mikulecky.cz\/index.php\/2021\/02\/01\/jan-mikulecky-letnany-zastupitel-2691-2\/","title":{"rendered":"Jan Mikuleck\u00fd: Obnova dom\u016f na s\u00eddli\u0161ti je v pln\u00e9m proudu"},"content":{"rendered":"<p>O pr\u00e1zdnin\u00e1ch se objevilo le\u0161en\u00ed u \u0159ady panelov\u00fdch dom\u016f na b\u00fdval\u00e9m s\u00eddli\u0161ti AVIA. &#8222;\u00dapln\u011b nov\u00e9 budou domy v&nbsp;cel\u00e9 Ku\u017eelov\u011b ulici, brzy se dokon\u010d\u00ed Ivan\u010dick\u00e1 i Krausova, p\u0159ibydou dal\u0161\u00ed zateplen\u00e9 vchody ve Fry\u010dovick\u00e9, Malkovsk\u00e9ho, N\u00fddeck\u00e9 a dal\u0161\u00edch let\u0148ansk\u00fdch ulic\u00edch,&#8220; p\u0159edpokl\u00e1d\u00e1 Jan Mikuleck\u00fd, zastupitel Let\u0148any. V&nbsp;n\u00e1sleduj\u00edc\u00edch m\u011bs\u00edc\u00edch by m\u011blo p\u0159ib\u00fdt t\u00e9m\u011b\u0159 20 nov\u011b zrekonstruovan\u00fdch vchod\u016f. P\u0159ev\u00e1\u017en\u011b se jedn\u00e1 o zateplen\u00ed, ale v&nbsp;n\u011bkter\u00fdch vchodech budou m\u00edt obyvatel\u00e9 tak\u00e9 nov\u00fd v\u00fdtah.<!--more--><\/p>\n<p>V\u00fdsledky jsou ji\u017e nyn\u00ed vid\u011bt na mnoha domech a pat\u0159\u00ed za to d\u00edky mnoha v\u00fdbor\u016fm SVJ. Je dob\u0159e, \u017ee st\u00e1le v\u00edce obyvatel nev\u00e1h\u00e1 ob\u011btovat voln\u00fd \u010das proto, aby na\u0161e s\u00eddli\u0161t\u011b bylo jako nov\u00e9. &#8222;V\u011b\u0159\u00edm, \u017ee v&nbsp;p\u0159\u00ed\u0161t\u00edm roce bude v\u00edce ne\u017e polovina dom\u016f zateplen\u00fdch a bude i nad\u00e1le ub\u00fdvat dom\u016f s&nbsp;p\u016fvodn\u00ed \u0161pinavou fas\u00e1dou,&#8220; \u0159\u00edk\u00e1 Jan Mikuleck\u00fd, zastupitel Let\u0148any.<\/p>\n<figure id=\"attachment_2688\" aria-describedby=\"caption-attachment-2688\" style=\"width: 856px\" class=\"wp-caption alignnone\"><img loading=\"lazy\" class=\"wp-image-2688 size-full\" src=\"https:\/\/www.janmikulecky.com\/wp-content\/uploads\/2012\/02\/Jan-Mikulecky-zastupitel-Letnany-RevitalizaceAVIA.jpg\" alt=\"Autor: Jan Mikulecky, Letnany\" width=\"856\" height=\"532\"><figcaption id=\"caption-attachment-2688\" class=\"wp-caption-text\">Autor: Jan Mikulecky, Letnany<\/figcaption><\/figure>\n<p>Pokra\u010duj\u00ed tak\u00e9 pr\u00e1ce na projektu Let\u0148ansk\u00fdch lentilek. Nejv\u00edce aktu\u00e1ln\u00edch informac\u00ed najdete na www.letnanskelentilky.cz.<\/p>\n","protected":false},"excerpt":{"rendered":"<p>O pr\u00e1zdnin\u00e1ch se objevilo le\u0161en\u00ed u \u0159ady panelov\u00fdch dom\u016f na b\u00fdval\u00e9m s\u00eddli\u0161ti AVIA. &#8222;\u00dapln\u011b nov\u00e9 budou domy v&nbsp;cel\u00e9 Ku\u017eelov\u011b ulici, brzy se dokon\u010d\u00ed Ivan\u010dick\u00e1 i Krausova, p\u0159ibydou dal\u0161\u00ed zateplen\u00e9 vchody ve Fry\u010dovick\u00e9, Malkovsk\u00e9ho, N\u00fddeck\u00e9 a dal\u0161\u00edch let\u0148ansk\u00fdch ulic\u00edch,&#8220; p\u0159edpokl\u00e1d\u00e1 Jan Mikuleck\u00fd, zastupitel Let\u0148any. V&nbsp;n\u00e1sleduj\u00edc\u00edch m\u011bs\u00edc\u00edch by m\u011blo p\u0159ib\u00fdt t\u00e9m\u011b\u0159 20 nov\u011b zrekonstruovan\u00fdch vchod\u016f. P\u0159ev\u00e1\u017en\u011b se &hellip; <\/p>\n<p class=\"link-more\"><a href=\"https:\/\/www.jan-mikulecky.cz\/index.php\/2021\/02\/01\/jan-mikulecky-letnany-zastupitel-2691-2\/\" class=\"more-link\">Pokra\u010dovat ve \u010dten\u00ed<span class=\"screen-reader-text\"> &#8222;Jan Mikuleck\u00fd: Obnova dom\u016f na s\u00eddli\u0161ti je v pln\u00e9m proudu&#8220;<\/span><\/a><\/p>\n","protected":false},"author":1,"featured_media":0,"comment_status":"open","ping_status":"open","sticky":false,"template":"","format":"standard","meta":[],"categories":[1],"tags":[],"_links":{"self":[{"href":"https:\/\/www.jan-mikulecky.cz\/index.php\/wp-json\/wp\/v2\/posts\/2691"}],"collection":[{"href":"https:\/\/www.jan-mikulecky.cz\/index.php\/wp-json\/wp\/v2\/posts"}],"about":[{"href":"https:\/\/www.jan-mikulecky.cz\/index.php\/wp-json\/wp\/v2\/types\/post"}],"author":[{"embeddable":true,"href":"https:\/\/www.jan-mikulecky.cz\/index.php\/wp-json\/wp\/v2\/users\/1"}],"replies":[{"embeddable":true,"href":"https:\/\/www.jan-mikulecky.cz\/index.php\/wp-json\/wp\/v2\/comments?post=2691"}],"version-history":[{"count":1,"href":"https:\/\/www.jan-mikulecky.cz\/index.php\/wp-json\/wp\/v2\/posts\/2691\/revisions"}],"predecessor-version":[{"id":2789,"href":"https:\/\/www.jan-mikulecky.cz\/index.php\/wp-json\/wp\/v2\/posts\/2691\/revisions\/2789"}],"wp:attachment":[{"href":"https:\/\/www.jan-mikulecky.cz\/index.php\/wp-json\/wp\/v2\/media?parent=2691"}],"wp:term":[{"taxonomy":"category","embeddable":true,"href":"https:\/\/www.jan-mikulecky.cz\/index.php\/wp-json\/wp\/v2\/categories?post=2691"},{"taxonomy":"post_tag","embeddable":true,"href":"https:\/\/www.jan-mikulecky.cz\/index.php\/wp-json\/wp\/v2\/tags?post=2691"}],"curies":[{"name":"wp","href":"https:\/\/api.w.org\/{rel}","templated":true}]}}