{"id":2695,"date":"2021-01-20T20:20:43","date_gmt":"2021-01-20T20:20:43","guid":{"rendered":"https:\/\/www.janmikulecky.com\/?p=2695"},"modified":"2020-08-27T09:15:19","modified_gmt":"2020-08-27T09:15:19","slug":"jan-mikulecky-porada-seminar-o-revitalizaci-pro-svj","status":"publish","type":"post","link":"https:\/\/www.jan-mikulecky.cz\/index.php\/2021\/01\/20\/jan-mikulecky-porada-seminar-o-revitalizaci-pro-svj\/","title":{"rendered":"Jan Mikuleck\u00fd po\u0159\u00e1d\u00e1 semin\u00e1\u0159 o revitalizaci pro SVJ"},"content":{"rendered":"<p>Ve st\u0159edu 22\/2 prob\u011bhl semin\u00e1\u0159 o revitalizac\u00edch panelov\u00fdch dom\u016f. Zku\u0161en\u00ed \u010dlenov\u00e9 v\u00fdbor\u016f SVJ sezn\u00e1mili sv\u00e9 kolegy s&nbsp;ji\u017e prob\u011bhl\u00fdmi rekonstrukcemi dom\u016f. Radn\u00ed za regeneraci s\u00eddli\u0161t\u011b Jan Mikuleck\u00fd potvrdil, \u017ee radnice podporuje obnovu dom\u016f na cel\u00e9m Let\u0148ansk\u00e9m s\u00eddli\u0161ti.<!--more--><\/p>\n<p>V posledn\u00edm roce se \u0159ada bytov\u00fdch dom\u016f na s\u00eddli\u0161ti do\u010dkala nov\u00fdch v\u00fdtah\u016f a zateplen\u00ed. &#8222;Rekonstrukce dom\u016f by nebyla mo\u017en\u00e1 bez nasazen\u00ed lid\u00ed, kter\u00fdm nen\u00ed jedno, v&nbsp;jak\u00e9m prost\u0159ed\u00ed bydl\u00ed a sna\u017e\u00ed se to zm\u011bnit. Tito lid\u00e9, zpravidla \u010dlenov\u00e9 v\u00fdbor\u016f SVJ, p\u0159ipravili semin\u00e1\u0159 pro v\u0161echny, kte\u0159\u00ed se na revitalizaci chystaj\u00ed a sb\u00edraj\u00ed \u00favodn\u00ed informace,&#8220; \u0159\u00edk\u00e1 Jan Mikuleck\u00fd, zastupitel Let\u0148any. Rady t\u011bch zku\u0161en\u011bj\u0161\u00edch se t\u00fdkaly zejm\u00e9na financov\u00e1n\u00ed, dota\u010dn\u00edch program\u016f a v\u00fdb\u011brov\u00fdch \u0159\u00edzen\u00ed, nicm\u00e9n\u011b diskutovali se dal\u0161\u00ed ot\u00e1zky v\u010detn\u011b p\u0159\u00edpravy shrom\u00e1\u017ed\u011bn\u00ed SVJ, stavebn\u00edho dozoru apod.<\/p>\n<figure id=\"attachment_2679\" aria-describedby=\"caption-attachment-2679\" style=\"width: 840px\" class=\"wp-caption alignnone\"><img loading=\"lazy\" class=\"wp-image-2679 size-large\" src=\"https:\/\/www.janmikulecky.com\/wp-content\/uploads\/2018\/09\/Jan-Mikulecky-zastupitel-Letnany-\u00dazemn\u00ed-\u0159\u00edzen\u00ed-pro-Let\u0148ansk\u00e9-lentilky-120520-1024x724.jpg\" alt=\"Jan Mikulecky, Letnany\" width=\"840\" height=\"594\"><figcaption id=\"caption-attachment-2679\" class=\"wp-caption-text\">Jan Mikulecky, Letnany<\/figcaption><\/figure>\n<p>Semin\u00e1\u0159e pro SVJ budou pokra\u010dovat v&nbsp;b\u0159eznu a dubnu tohoto roku. Dal\u0161\u00ed ot\u00e1zky t\u00fdkaj\u00edc\u00ed se revitalizace dom\u016f je mo\u017en\u00e9 sm\u011brovat tak\u00e9 na adresu <a href=\"mailto:mikulecky@letnany.cz\">mikulecky@letnany.cz<\/a>.<\/p>\n","protected":false},"excerpt":{"rendered":"<p>Ve st\u0159edu 22\/2 prob\u011bhl semin\u00e1\u0159 o revitalizac\u00edch panelov\u00fdch dom\u016f. Zku\u0161en\u00ed \u010dlenov\u00e9 v\u00fdbor\u016f SVJ sezn\u00e1mili sv\u00e9 kolegy s&nbsp;ji\u017e prob\u011bhl\u00fdmi rekonstrukcemi dom\u016f. Radn\u00ed za regeneraci s\u00eddli\u0161t\u011b Jan Mikuleck\u00fd potvrdil, \u017ee radnice podporuje obnovu dom\u016f na cel\u00e9m Let\u0148ansk\u00e9m s\u00eddli\u0161ti.<\/p>\n","protected":false},"author":1,"featured_media":0,"comment_status":"open","ping_status":"open","sticky":false,"template":"","format":"standard","meta":[],"categories":[1],"tags":[],"_links":{"self":[{"href":"https:\/\/www.jan-mikulecky.cz\/index.php\/wp-json\/wp\/v2\/posts\/2695"}],"collection":[{"href":"https:\/\/www.jan-mikulecky.cz\/index.php\/wp-json\/wp\/v2\/posts"}],"about":[{"href":"https:\/\/www.jan-mikulecky.cz\/index.php\/wp-json\/wp\/v2\/types\/post"}],"author":[{"embeddable":true,"href":"https:\/\/www.jan-mikulecky.cz\/index.php\/wp-json\/wp\/v2\/users\/1"}],"replies":[{"embeddable":true,"href":"https:\/\/www.jan-mikulecky.cz\/index.php\/wp-json\/wp\/v2\/comments?post=2695"}],"version-history":[{"count":1,"href":"https:\/\/www.jan-mikulecky.cz\/index.php\/wp-json\/wp\/v2\/posts\/2695\/revisions"}],"predecessor-version":[{"id":2782,"href":"https:\/\/www.jan-mikulecky.cz\/index.php\/wp-json\/wp\/v2\/posts\/2695\/revisions\/2782"}],"wp:attachment":[{"href":"https:\/\/www.jan-mikulecky.cz\/index.php\/wp-json\/wp\/v2\/media?parent=2695"}],"wp:term":[{"taxonomy":"category","embeddable":true,"href":"https:\/\/www.jan-mikulecky.cz\/index.php\/wp-json\/wp\/v2\/categories?post=2695"},{"taxonomy":"post_tag","embeddable":true,"href":"https:\/\/www.jan-mikulecky.cz\/index.php\/wp-json\/wp\/v2\/tags?post=2695"}],"curies":[{"name":"wp","href":"https:\/\/api.w.org\/{rel}","templated":true}]}}