{"id":2702,"date":"2021-01-30T20:45:07","date_gmt":"2021-01-30T20:45:07","guid":{"rendered":"https:\/\/www.janmikulecky.com\/?p=2702"},"modified":"2020-08-27T09:16:55","modified_gmt":"2020-08-27T09:16:55","slug":"jan-mikulecky-podekovani-otevreny-dopis","status":"publish","type":"post","link":"https:\/\/www.jan-mikulecky.cz\/index.php\/2021\/01\/30\/jan-mikulecky-podekovani-otevreny-dopis\/","title":{"rendered":"Jan Mikuleck\u00fd: Pod\u011bkov\u00e1n\u00ed \u2013 otev\u0159en\u00fd dopis"},"content":{"rendered":"<p><img loading=\"lazy\" class=\"wp-image-2511 size-thumbnail alignleft\" src=\"https:\/\/www.janmikulecky.com\/wp-content\/uploads\/2018\/09\/Jan_Mikulecky_Letnany_Podekovani2013-150x150.jpg\" alt=\"Autor: Jan Mikulecky, Letnany\" width=\"150\" height=\"150\"><\/p>\n<p><strong>Pod\u011bkov\u00e1n\u00ed \u2013 otev\u0159en\u00fd dopis<\/strong><\/p>\n<p><strong>z\u00e1stupc\u016fm Sdru\u017een\u00ed vlastn\u00edk\u016f bytov\u00fdch jednotek<\/strong><\/p>\n<p><!--more--><\/p>\n<p>V\u00e1\u017een\u00ed z\u00e1stupci SVJ,<\/p>\n<p>v&nbsp;pr\u016fb\u011bhu posledn\u00edch t\u0159\u00ed let se let\u0148ansk\u00e9 s\u00eddli\u0161t\u011b v\u00fdrazn\u011b zm\u011bnilo. \u0158ada dom\u016f se obl\u00e9kla do nov\u00e9 fas\u00e1dy, maj\u00ed nov\u00e9 v\u00fdtahy a nov\u00e1 okna \u0161et\u0159\u00ed spot\u0159ebu energie. Nic z&nbsp;toho by nebylo mo\u017en\u00e9 bez Va\u0161eho \u00fasil\u00ed &#8211; rekonstrukce dom\u016f je pr\u00e1ce n\u00e1ro\u010dn\u00e1 a&nbsp;slo\u017eit\u00e1 a v&nbsp;mnoha ohledech nedoceniteln\u00e1. D\u00edky V\u00e1m jsou v\u0161ak Let\u0148any ka\u017ed\u00fdm rokem atraktivn\u011bj\u0161\u00ed a modern\u011bj\u0161\u00ed.<\/p>\n<p>Radnice M\u010c Praha 18 intenzivn\u011b pracuje na projektu Let\u0148ansk\u00e9 lentilky, kter\u00fd na podzim z\u00edskal \u00fazemn\u00ed rozhodnut\u00ed. Z\u00e1rove\u0148 byla pod\u00e1na \u017e\u00e1dost o dotace a&nbsp;v&nbsp;p\u0159\u00edpad\u011b kladn\u00e9ho vy\u0159\u00edzen\u00ed budeme m\u00edt v&nbsp;roce 2014 z&nbsp;velk\u00e9 \u010d\u00e1sti nov\u00e9 s\u00eddli\u0161t\u011b. V&nbsp;pl\u00e1nu je tak\u00e9 roz\u0161\u00ed\u0159en\u00ed Lentilek a\u017e k&nbsp;ulic\u00edm Fry\u010dovick\u00e1 a&nbsp;R\u00fdma\u0159ovsk\u00e1.<\/p>\n<p>R\u00e1d bych touto cestou pod\u011bkoval V\u00e1m v\u0161em, bez kter\u00fdch by Let\u0148any nem\u011bly tolik dom\u016f s&nbsp;nov\u00fdm vzhledem. Va\u0161e pr\u00e1ce v&nbsp;roli z\u00e1stupc\u016f SVJ je obrovsk\u00fdm p\u0159\u00ednosem pro obnovu na\u0161eho s\u00eddli\u0161t\u011b.<\/p>\n<p><strong><em>P\u0159eji V\u00e1m do roku 2013 hodn\u011b pohody, \u0161t\u011bst\u00ed a energie.<\/em><\/strong><\/p>\n<p>Za M\u010c Praha 18<\/p>\n<p><strong>Ing. Jan Mikuleck\u00fd, Ph.D.<\/strong><\/p>\n<p>radn\u00ed pro regeneraci s\u00eddli\u0161t\u011b a \u017eivotn\u00ed prost\u0159ed\u00ed<\/p>\n<figure id=\"attachment_2536\" aria-describedby=\"caption-attachment-2536\" style=\"width: 800px\" class=\"wp-caption alignnone\"><img loading=\"lazy\" class=\"wp-image-2536 size-full\" src=\"https:\/\/www.janmikulecky.com\/wp-content\/uploads\/2018\/09\/Jan_Mikulecky_Letnany_Seminar-SVJ-2-120222.jpg\" alt=\"Autor: Jan Mikulecky, Letnany\" width=\"800\" height=\"534\"><figcaption id=\"caption-attachment-2536\" class=\"wp-caption-text\">Autor: Jan Mikulecky, Letnany<\/figcaption><\/figure>\n","protected":false},"excerpt":{"rendered":"<p>Pod\u011bkov\u00e1n\u00ed \u2013 otev\u0159en\u00fd dopis z\u00e1stupc\u016fm Sdru\u017een\u00ed vlastn\u00edk\u016f bytov\u00fdch jednotek<\/p>\n","protected":false},"author":1,"featured_media":0,"comment_status":"open","ping_status":"open","sticky":false,"template":"","format":"standard","meta":[],"categories":[23],"tags":[],"_links":{"self":[{"href":"https:\/\/www.jan-mikulecky.cz\/index.php\/wp-json\/wp\/v2\/posts\/2702"}],"collection":[{"href":"https:\/\/www.jan-mikulecky.cz\/index.php\/wp-json\/wp\/v2\/posts"}],"about":[{"href":"https:\/\/www.jan-mikulecky.cz\/index.php\/wp-json\/wp\/v2\/types\/post"}],"author":[{"embeddable":true,"href":"https:\/\/www.jan-mikulecky.cz\/index.php\/wp-json\/wp\/v2\/users\/1"}],"replies":[{"embeddable":true,"href":"https:\/\/www.jan-mikulecky.cz\/index.php\/wp-json\/wp\/v2\/comments?post=2702"}],"version-history":[{"count":1,"href":"https:\/\/www.jan-mikulecky.cz\/index.php\/wp-json\/wp\/v2\/posts\/2702\/revisions"}],"predecessor-version":[{"id":2788,"href":"https:\/\/www.jan-mikulecky.cz\/index.php\/wp-json\/wp\/v2\/posts\/2702\/revisions\/2788"}],"wp:attachment":[{"href":"https:\/\/www.jan-mikulecky.cz\/index.php\/wp-json\/wp\/v2\/media?parent=2702"}],"wp:term":[{"taxonomy":"category","embeddable":true,"href":"https:\/\/www.jan-mikulecky.cz\/index.php\/wp-json\/wp\/v2\/categories?post=2702"},{"taxonomy":"post_tag","embeddable":true,"href":"https:\/\/www.jan-mikulecky.cz\/index.php\/wp-json\/wp\/v2\/tags?post=2702"}],"curies":[{"name":"wp","href":"https:\/\/api.w.org\/{rel}","templated":true}]}}