{"id":2709,"date":"2021-02-15T20:51:33","date_gmt":"2021-02-15T20:51:33","guid":{"rendered":"https:\/\/www.janmikulecky.com\/?p=2709"},"modified":"2020-08-27T09:20:05","modified_gmt":"2020-08-27T09:20:05","slug":"val-v-malkovskeho-ulici-ceka-dalsi-uprava","status":"publish","type":"post","link":"https:\/\/www.jan-mikulecky.cz\/index.php\/2021\/02\/15\/val-v-malkovskeho-ulici-ceka-dalsi-uprava\/","title":{"rendered":"Val v Malkovsk\u00e9ho ulici \u010dek\u00e1 dal\u0161\u00ed \u00faprava"},"content":{"rendered":"<p><strong>Protihlukov\u00fd val mezi Malkovsk\u00e9ho a Veselskou, respektive Tupolevovou ulic\u00ed dlouh\u00fd p\u0159ibli\u017en\u011b p\u011bt set metr\u016f byl budov\u00e1n spole\u010dn\u011b s&nbsp;v\u00fdstavbou s\u00eddli\u0161t\u011b Avia II v&nbsp;roce 1985, rok pot\u00e9 byl os\u00e1zen stromy a ke\u0159i.<\/strong><!--more--><\/p>\n<p>V&nbsp;osmdes\u00e1t\u00fdch letech tu byla vysazena hlavn\u011b borovice \u010dern\u00e1, a to velmi hust\u011b. Pravd\u011bpodobn\u011b se po\u010d\u00edtalo s t\u00edm, \u017ee se ujme ka\u017ed\u00e1 t\u0159et\u00ed, p\u0159\u00edpadn\u011b \u017ee budou v budoucnu pro\u0159ez\u00e1ny. Jen\u017ee materi\u00e1l valu je kvalitn\u00ed a ujaly se t\u00e9m\u011b\u0159 v\u0161echny stromky. Na rozd\u00edl od sousedn\u00edho s\u00eddli\u0161t\u011b, kde se stromy nach\u00e1zej\u00ed pouze na&nbsp;oplocen\u00fdch pozemc\u00edch, tj. v&nbsp;are\u00e1lu mate\u0159sk\u00e9 \u0161koly a Domu s&nbsp;pe\u010dovatelskou slu\u017ebou.<\/p>\n<p>Tento stav byl zap\u0159\u00ed\u010din\u011bn souhrou nep\u0159\u00edzniv\u00fdch okolnost\u00ed \u2013 nedo\u010dkav\u00ed n\u00e1jemn\u00edci se v&nbsp;p\u0159edstihu nast\u011bhovali do nov\u00fdch byt\u016f a sadov\u00e9 \u00fapravy se prov\u00e1d\u011bly a\u017e&nbsp; dodate\u010dn\u011b, p\u0159ibli\u017en\u011b po roce. Stromy a ke\u0159e, kter\u00e9 tu byly vys\u00e1zeny, d\u00edky nedostate\u010dn\u00e9 p\u00e9\u010di a vlivem \u201eruchu velkom\u011bsta\u201c uschly, z p\u016fvodn\u00ed&nbsp;v\u00fdsadby jich zbylo p\u0159ibli\u017en\u011b 10 %.<\/p>\n<p>Zato borovic\u00edm na valu se da\u0159ilo pom\u011brn\u011b dob\u0159e, rostly na kope\u010dku, lidsk\u00fd faktor je ovliv\u0148oval minim\u00e1ln\u011b. Ubl\u00ed\u017eila jim pouze&nbsp;myln\u00e1 domn\u011bnka, \u017ee \u010d\u00edm hust\u0161\u00ed porost, t\u00edm kvalitn\u011bj\u0161\u00ed protihlukov\u00e1 z\u00e1brana\u2026Jak by v\u0161ak potvrdil ka\u017ed\u00fd dendrolog, nen\u00ed to pravda. V&nbsp;pr\u016fb\u011bhu rok\u016f a p\u0159i ka\u017edodenn\u00edm z\u00e1pasu o dostatek sv\u011btla se n\u011bkter\u00e9 stromy prom\u011bnily v \u201ebidla\u201c a \u201eko\u0161\u0165ata\u201c, vznikl prosv\u00edtaj\u00edc\u00ed porost, kter\u00fd m\u00e1 k&nbsp;hezk\u00e9mu borov\u00e9mu les\u00edku daleko.<\/p>\n<p>Na kvalit\u011b strom\u016f se podepsala i tak\u0159ka nulov\u00e1 p\u00e9\u010de. Navzdory urgenc\u00edm Komise \u017eivotn\u00edho prost\u0159ed\u00ed \u00daM\u010c Praha 18 (viz nap\u0159\u00edklad z\u00e1pis \u010d. 9\/2007) vlastn\u00edk pozemk\u016f odm\u00edtal uvolnit&nbsp; dostatek financ\u00ed na \u201e\u00fadr\u017ebu\u201c valu, veden\u00ed radnice nenalezlo \u0159e\u0161en\u00ed, jak situaci zlep\u0161it, obyvatel\u00e9 s\u00eddli\u0161t\u011b byli pasivn\u00ed\u2026<\/p>\n<p>A\u017e na konci roku 2012 se zabl\u00fdsklo na lep\u0161\u00ed \u010dasy. M\u011bstsk\u00e1 \u010d\u00e1st z\u00edskala do spr\u00e1vy \u0159adu pozemk\u016f na sidli\u0161ti v\u010detn\u011b valu, a proto mohly za\u010d\u00edt \u00fapravy zelen\u011b. Stromy na \u00fapat\u00ed valu byly pro\u0159ez\u00e1ny. Pr\u00e1ci provedla profesion\u00e1ln\u00ed firma objednan\u00e1 a financovan\u00e1 \u00da\u0159adem m\u011bstsk\u00e9 \u010d\u00e1sti Praha 18. A pom\u011brn\u011b dob\u0159e. Hodnocen\u00ed v\u00fdsledku je ale subjektivn\u00ed &#8211; z&nbsp;m\u00e9ho pohledu&nbsp; nemusel b\u00fdt z\u00e1sah v&nbsp;n\u011bkter\u00fdch \u010d\u00e1stech tak razantn\u00ed. Zat\u00edm se v\u0161ak ne\u0159e\u0161il z\u00e1sadn\u00ed probl\u00e9m valu, tedy p\u0159ehu\u0161t\u011bn\u00ed borovic. Byly vy\u0159ez\u00e1ny such\u00e9 stromy, ale na valu prozat\u00edm z\u016fstaly nemocn\u00ed jedinci (houba Sphaeropsis sapinea, sypavka borov\u00e1 aj.). N\u00e1sledn\u011b by tedy m\u011blo doj\u00edt k&nbsp;provzdu\u0161n\u011bn\u00ed, a t\u00edm p\u00e1dem k&nbsp;z\u00e1chran\u011b zdrav\u00fdch strom\u016f jako celku.<\/p>\n<p>Neut\u011b\u0161enou situaci potvrdily i dva dendrologick\u00e9 posudky, jejich\u017e vypracov\u00e1n\u00ed zadal \u00daM\u010c. Proto byla situace n\u00e1sledn\u011b \u0159e\u0161ena na jedn\u00e1n\u00ed&nbsp;komise regenerace s\u00eddli\u0161t\u011b a \u017eivotn\u00edho prost\u0159ed\u00ed. Zde byl p\u0159edlo\u017een n\u00e1sleduj\u00edc\u00ed n\u00e1vrh postupu: M\u00e1-li se zkvalitnit stav valu, p\u0159edev\u0161\u00edm jeho protihlukov\u00e1, hygienick\u00e1 a estetick\u00e1 funkce, je bezpodm\u00edne\u010dn\u011b nutn\u00e1 radik\u00e1ln\u00ed prob\u00edrka borovic &#8211; p\u0159ibli\u017en\u011b o jednu t\u0159etinu. P\u0159ednostn\u011b je t\u0159eba odstranit stromy napaden\u00e9 houbou a ty, kter\u00e9 rostou uvnit\u0159 porostu, ne vn\u011b. Komise n\u00e1vrh podpo\u0159ila a doporu\u010dila prov\u00e9st z\u00e1sah profesion\u00e1ln\u00ed firmou v&nbsp;pr\u016fb\u011bhu leto\u0161n\u00ed zimy, a to pod&nbsp;dohledem \u010dlen\u016f komise RS\u017dP a nez\u00e1visleho dendrologa. Poprv\u00e9 od zalo\u017een\u00ed a os\u00e1zen\u00ed valu se tak naskytla \u0161ance jej kvalifikovan\u011b upravit.<\/p>\n<p>V\u00fdhledov\u011b by bylo samoz\u0159ejm\u011b vhodn\u00e9 dosadit na n\u011bkter\u00e9 \u201evyholen\u00e9\u201c str\u00e1n\u011b valu (nap\u0159. proti \u010d.p. 592 -595) nov\u00e9 ke\u0159e a stromy. Ale to je ot\u00e1zkou dal\u0161\u00edch jedn\u00e1n\u00ed. Nyn\u00ed je t\u0159eba se soust\u0159edit na z\u00e1chranu valu a porostu na n\u011bm redukc\u00ed vybran\u00fdch borovic.<\/p>\n<p>Text a foto <strong>Ing. Pavel Fil\u00edpek<\/strong><\/p>\n<p>Komise regenerace s\u00eddli\u0161t\u011b a \u017eivotn\u00edho prost\u0159ed\u00ed<\/p>\n<p><img loading=\"lazy\" class=\"alignnone wp-image-2567 size-large\" src=\"https:\/\/www.janmikulecky.com\/wp-content\/uploads\/2018\/09\/Jan_Mikulecky_Letnany_WP_20140506_007-768x1024.jpg\" alt=\"\" width=\"768\" height=\"1024\"><\/p>\n<p><img loading=\"lazy\" class=\"alignnone size-large wp-image-2566\" src=\"https:\/\/www.janmikulecky.com\/wp-content\/uploads\/2018\/09\/Jan_Mikulecky_Letnany_WP_20140506_006-768x1024.jpg\" alt=\"\" width=\"768\" height=\"1024\"><\/p>\n","protected":false},"excerpt":{"rendered":"<p>Protihlukov\u00fd val mezi Malkovsk\u00e9ho a Veselskou, respektive Tupolevovou ulic\u00ed dlouh\u00fd p\u0159ibli\u017en\u011b p\u011bt set metr\u016f byl budov\u00e1n spole\u010dn\u011b s&nbsp;v\u00fdstavbou s\u00eddli\u0161t\u011b Avia II v&nbsp;roce 1985, rok pot\u00e9 byl os\u00e1zen stromy a ke\u0159i.<\/p>\n","protected":false},"author":1,"featured_media":0,"comment_status":"open","ping_status":"open","sticky":false,"template":"","format":"standard","meta":[],"categories":[1],"tags":[],"_links":{"self":[{"href":"https:\/\/www.jan-mikulecky.cz\/index.php\/wp-json\/wp\/v2\/posts\/2709"}],"collection":[{"href":"https:\/\/www.jan-mikulecky.cz\/index.php\/wp-json\/wp\/v2\/posts"}],"about":[{"href":"https:\/\/www.jan-mikulecky.cz\/index.php\/wp-json\/wp\/v2\/types\/post"}],"author":[{"embeddable":true,"href":"https:\/\/www.jan-mikulecky.cz\/index.php\/wp-json\/wp\/v2\/users\/1"}],"replies":[{"embeddable":true,"href":"https:\/\/www.jan-mikulecky.cz\/index.php\/wp-json\/wp\/v2\/comments?post=2709"}],"version-history":[{"count":1,"href":"https:\/\/www.jan-mikulecky.cz\/index.php\/wp-json\/wp\/v2\/posts\/2709\/revisions"}],"predecessor-version":[{"id":2796,"href":"https:\/\/www.jan-mikulecky.cz\/index.php\/wp-json\/wp\/v2\/posts\/2709\/revisions\/2796"}],"wp:attachment":[{"href":"https:\/\/www.jan-mikulecky.cz\/index.php\/wp-json\/wp\/v2\/media?parent=2709"}],"wp:term":[{"taxonomy":"category","embeddable":true,"href":"https:\/\/www.jan-mikulecky.cz\/index.php\/wp-json\/wp\/v2\/categories?post=2709"},{"taxonomy":"post_tag","embeddable":true,"href":"https:\/\/www.jan-mikulecky.cz\/index.php\/wp-json\/wp\/v2\/tags?post=2709"}],"curies":[{"name":"wp","href":"https:\/\/api.w.org\/{rel}","templated":true}]}}