{"id":443,"date":"2021-03-01T23:34:13","date_gmt":"2021-03-01T23:34:13","guid":{"rendered":"http:\/\/letnanskelentilky.cz\/?p=443"},"modified":"2020-08-27T09:22:27","modified_gmt":"2020-08-27T09:22:27","slug":"zmena-parkovani-v-ivancicke","status":"publish","type":"post","link":"https:\/\/www.jan-mikulecky.cz\/index.php\/2021\/03\/01\/zmena-parkovani-v-ivancicke\/","title":{"rendered":"Zm\u011bna parkov\u00e1n\u00ed v Ivan\u010dick\u00e9 ulici"},"content":{"rendered":"<p>Po dohod\u011b se spole\u010dnost\u00ed CPI budou parkovac\u00ed m\u00edsta na jedn\u00e9 stran\u011b ulice Ivan\u010dick\u00e9 realizov\u00e1na v r\u00e1mci budouc\u00edho bytov\u00e9ho projektu. Term\u00edn realizace projektu nebyl zat\u00edm stanoven. Do zah\u00e1jen\u00ed projektu bude st\u00e1le k dispozici st\u00e1vaj\u00edc\u00ed \u0161t\u011brokov\u00e9 parkovi\u0161t\u011b.<\/p>\n\n","protected":false},"excerpt":{"rendered":"<p>Po dohod\u011b se spole\u010dnost\u00ed CPI budou parkovac\u00ed m\u00edsta na jedn\u00e9 stran\u011b ulice Ivan\u010dick\u00e9 realizov\u00e1na v r\u00e1mci budouc\u00edho bytov\u00e9ho projektu. Term\u00edn realizace projektu nebyl zat\u00edm stanoven. Do zah\u00e1jen\u00ed projektu bude st\u00e1le k dispozici st\u00e1vaj\u00edc\u00ed \u0161t\u011brokov\u00e9 parkovi\u0161t\u011b.<\/p>\n","protected":false},"author":1,"featured_media":0,"comment_status":"closed","ping_status":"open","sticky":false,"template":"","format":"standard","meta":[],"categories":[8,15],"tags":[],"_links":{"self":[{"href":"https:\/\/www.jan-mikulecky.cz\/index.php\/wp-json\/wp\/v2\/posts\/443"}],"collection":[{"href":"https:\/\/www.jan-mikulecky.cz\/index.php\/wp-json\/wp\/v2\/posts"}],"about":[{"href":"https:\/\/www.jan-mikulecky.cz\/index.php\/wp-json\/wp\/v2\/types\/post"}],"author":[{"embeddable":true,"href":"https:\/\/www.jan-mikulecky.cz\/index.php\/wp-json\/wp\/v2\/users\/1"}],"replies":[{"embeddable":true,"href":"https:\/\/www.jan-mikulecky.cz\/index.php\/wp-json\/wp\/v2\/comments?post=443"}],"version-history":[{"count":1,"href":"https:\/\/www.jan-mikulecky.cz\/index.php\/wp-json\/wp\/v2\/posts\/443\/revisions"}],"predecessor-version":[{"id":2803,"href":"https:\/\/www.jan-mikulecky.cz\/index.php\/wp-json\/wp\/v2\/posts\/443\/revisions\/2803"}],"wp:attachment":[{"href":"https:\/\/www.jan-mikulecky.cz\/index.php\/wp-json\/wp\/v2\/media?parent=443"}],"wp:term":[{"taxonomy":"category","embeddable":true,"href":"https:\/\/www.jan-mikulecky.cz\/index.php\/wp-json\/wp\/v2\/categories?post=443"},{"taxonomy":"post_tag","embeddable":true,"href":"https:\/\/www.jan-mikulecky.cz\/index.php\/wp-json\/wp\/v2\/tags?post=443"}],"curies":[{"name":"wp","href":"https:\/\/api.w.org\/{rel}","templated":true}]}}