{"id":460,"date":"2021-02-27T21:56:32","date_gmt":"2021-02-27T21:56:32","guid":{"rendered":"http:\/\/letnanskelentilky.cz\/?p=460"},"modified":"2020-08-27T09:22:04","modified_gmt":"2020-08-27T09:22:04","slug":"komise-rszp-moznost-ucasti-na-jednani","status":"publish","type":"post","link":"https:\/\/www.jan-mikulecky.cz\/index.php\/2021\/02\/27\/komise-rszp-moznost-ucasti-na-jednani\/","title":{"rendered":"Komise RS\u017dP: mo\u017enost \u00fa\u010dasti na jedn\u00e1n\u00ed o Lentilk\u00e1ch"},"content":{"rendered":"<p>Na ka\u017ed\u00e9m jedn\u00e1n\u00ed Komise regenerace s\u00eddli\u0161t\u011b a \u017eivotn\u00edho prost\u0159ed\u00ed je diskutov\u00e1n aktu\u00e1ln\u00ed stav projektu Let\u0148ask\u00e9 lentilky. I p\u0159esto, \u017ee jedn\u00e1n\u00ed komise nen\u00ed ze z\u00e1kona ve\u0159ejn\u00e9, nab\u00edz\u00edme ob\u010dan\u016fm mo\u017enost z\u00fa\u010dastnit se a diskutovat projekt spole\u010dn\u011b. Term\u00edny pro 3-4Q 2012 jsou p\u0159edb\u011b\u017en\u011b stanoveny na: 5\/9, 10\/10, 7\/11 a&nbsp;5\/12.<\/p>\n<p><!--more-->V p\u0159\u00edpad\u011b, \u017ee se budete cht\u00edt z\u00fa\u010dastnit, napi\u0161t\u011b pros\u00edm z p\u0159edstihem na <a href=\"mailto:mikulecky@letnany.cz\">mikulecky@letnany.cz<\/a>. Term\u00edny se mohou m\u00edrn\u011b zm\u011bnit. \u00da\u010dast bude umo\u017en\u011bna pouze na projedn\u00e1v\u00e1n\u00ed bodu o Let\u0148ansk\u00fdch lentilk\u00e1ch.<\/p>\n<p>Jak\u00e9koli dotazy ohledn\u011b projektu Let\u0148ansk\u00e9 lentilky m\u016f\u017eete kdykoli sm\u011b\u0159ovat na email&nbsp;<a href=\"mailto:mikulecky@letnany.cz\">mikulecky@letnany.cz<\/a>&nbsp;nebo nab\u00edz\u00edm osobn\u00ed jedn\u00e1n\u00ed na radnici, p\u0159ipadn\u011b i na shrom\u00e1\u017ed\u011bn\u00edch SVJ.<\/p>\n","protected":false},"excerpt":{"rendered":"<p>Na ka\u017ed\u00e9m jedn\u00e1n\u00ed Komise regenerace s\u00eddli\u0161t\u011b a \u017eivotn\u00edho prost\u0159ed\u00ed je diskutov\u00e1n aktu\u00e1ln\u00ed stav projektu Let\u0148ask\u00e9 lentilky. I p\u0159esto, \u017ee jedn\u00e1n\u00ed komise nen\u00ed ze z\u00e1kona ve\u0159ejn\u00e9, nab\u00edz\u00edme ob\u010dan\u016fm mo\u017enost z\u00fa\u010dastnit se a diskutovat projekt spole\u010dn\u011b. Term\u00edny pro 3-4Q 2012 jsou p\u0159edb\u011b\u017en\u011b stanoveny na: 5\/9, 10\/10, 7\/11 a&nbsp;5\/12.<\/p>\n","protected":false},"author":1,"featured_media":0,"comment_status":"closed","ping_status":"open","sticky":false,"template":"","format":"standard","meta":[],"categories":[5],"tags":[],"_links":{"self":[{"href":"https:\/\/www.jan-mikulecky.cz\/index.php\/wp-json\/wp\/v2\/posts\/460"}],"collection":[{"href":"https:\/\/www.jan-mikulecky.cz\/index.php\/wp-json\/wp\/v2\/posts"}],"about":[{"href":"https:\/\/www.jan-mikulecky.cz\/index.php\/wp-json\/wp\/v2\/types\/post"}],"author":[{"embeddable":true,"href":"https:\/\/www.jan-mikulecky.cz\/index.php\/wp-json\/wp\/v2\/users\/1"}],"replies":[{"embeddable":true,"href":"https:\/\/www.jan-mikulecky.cz\/index.php\/wp-json\/wp\/v2\/comments?post=460"}],"version-history":[{"count":1,"href":"https:\/\/www.jan-mikulecky.cz\/index.php\/wp-json\/wp\/v2\/posts\/460\/revisions"}],"predecessor-version":[{"id":2802,"href":"https:\/\/www.jan-mikulecky.cz\/index.php\/wp-json\/wp\/v2\/posts\/460\/revisions\/2802"}],"wp:attachment":[{"href":"https:\/\/www.jan-mikulecky.cz\/index.php\/wp-json\/wp\/v2\/media?parent=460"}],"wp:term":[{"taxonomy":"category","embeddable":true,"href":"https:\/\/www.jan-mikulecky.cz\/index.php\/wp-json\/wp\/v2\/categories?post=460"},{"taxonomy":"post_tag","embeddable":true,"href":"https:\/\/www.jan-mikulecky.cz\/index.php\/wp-json\/wp\/v2\/tags?post=460"}],"curies":[{"name":"wp","href":"https:\/\/api.w.org\/{rel}","templated":true}]}}