{"id":484,"date":"2021-02-23T09:42:02","date_gmt":"2021-02-23T09:42:02","guid":{"rendered":"http:\/\/letnanskelentilky.cz\/?p=484"},"modified":"2020-08-27T09:21:18","modified_gmt":"2020-08-27T09:21:18","slug":"anketa-o-psim-hristi-v-mistecke-ulici","status":"publish","type":"post","link":"https:\/\/www.jan-mikulecky.cz\/index.php\/2021\/02\/23\/anketa-o-psim-hristi-v-mistecke-ulici\/","title":{"rendered":"Anketa o ps\u00edm h\u0159i\u0161ti v M\u00edsteck\u00e9"},"content":{"rendered":"<p>V domech M\u00edsteck\u00e1 448-451 a Malkovsk\u00e9ho 602 byla spu\u0161t\u011bna anketa o ps\u00edm h\u0159i\u0161ti, kter\u00e9 je pl\u00e1nov\u00e1no v&nbsp;r\u00e1mci Let\u0148ansk\u00fdch lentilek. Sv\u016fj souhlasn\u00fd nebo negativn\u00ed n\u00e1zor m\u00e1te mo\u017enost vyj\u00e1d\u0159it p\u0159\u00edmo v&nbsp;domech nebo zde v&nbsp;sekci koment\u00e1\u0159\u016f pod \u010dl\u00e1nkem. Anketa pob\u011b\u017e\u00ed do konce srpna 2012 a v&nbsp;p\u0159\u00edpad\u011b, \u017ee v\u011bt\u0161ina lid\u00ed, kte\u0159\u00ed v t\u011bchto domech bydl\u00ed, nebude s&nbsp;ps\u00edm h\u0159i\u0161t\u011bm souhlasit, bude lentilka zm\u011bn\u011bna.<\/p>\n<p><!--more-->Pokud ps\u00ed louku v&nbsp;t\u011bchto m\u00edstech nepreferujete, p\u0159ipojte pros\u00edm k&nbsp;Va\u0161emu n\u00e1zoru i <a href=\"http:\/\/letnanskelentilky.cz\/download\/Katalog%20lentilek%20110921.pdf\">n\u00e1vrh na jinou lentilku<\/a>, kter\u00e1 by z&nbsp;Va\u0161eho pohledu byla pro v\u011bt\u0161inu ob\u010dan\u016f v\u00edce p\u0159ijateln\u00e1. Um\u00edst\u011bn\u00ed lentilek st\u00e1le prob\u00edh\u00e1 ve\u0159ejnou diskus\u00ed a bude o nich fin\u00e1ln\u011b rozhodnuto do konce roku.<\/p>\n<p>V&nbsp;r\u00e1mci projektu budou realizov\u00e1ny lentilky s r\u016fzn\u00fdm zam\u011b\u0159en\u00edm. Na s\u00eddli\u0161ti \u017eij\u00ed t\u0159i generace lid\u00ed, maminky s ko\u010d\u00e1rky, teenage\u0159i, d\u016fchodci, majitel\u00e9 r\u016fzn\u00fdch dom\u00e1c\u00edch mazl\u00ed\u010dk\u016f, \u0159idi\u010di, sportovci, milovn\u00edci zelen\u011b nebo t\u0159eba i ob\u010dan\u00e9 preferujic\u00ed 100% ticho a klid po cel\u00fd den. Vyhov\u011bt v\u0161em 3500 obyvatel nen\u00ed re\u00e1ln\u00e9 a n\u00e1zory na lentilky se v\u017edy budou li\u0161it. Nicm\u00e9n\u011b radnice respektuje v\u0161echny a v\u017edy se sna\u017e\u00ed vyhov\u011bt v\u011bt\u0161in\u011b.<\/p>\n<p>P\u0159e\u010dt\u011bte si v\u00edce o <a title=\"Vize\" href=\"http:\/\/letnanskelentilky.cz\/vize\/\">vizi Let\u0148ansk\u00fdch lentilek<\/a>. &nbsp; &nbsp; &nbsp; &nbsp; &nbsp; &nbsp; &nbsp; &nbsp; &nbsp; &nbsp; &nbsp; &nbsp;&nbsp;<a href=\"http:\/\/letnanskelentilky.cz\/download\/Katalog%20lentilek%20110921.pdf\">Katalog lentilek je zde<\/a>.<\/p>\n<p><em>Aktualizace 22\/8\/2012:<\/em>&nbsp;<a title=\"Co bude m\u00edsto ps\u00ed lentilky?\" href=\"http:\/\/letnanskelentilky.cz\/co-bude-misto-psi-lentilky\/\">Co bude m\u00edsto ps\u00ed lentilky?<\/a><\/p>\n<p style=\"text-align: center;\"><a href=\"http:\/\/letnanskelentilky.cz\/wp-content\/uploads\/Psi-hriste-Mistecka.png\"><img loading=\"lazy\" class=\"aligncenter size-full wp-image-485\" title=\"Psi hriste Mistecka\" src=\"http:\/\/letnanskelentilky.cz\/wp-content\/uploads\/Psi-hriste-Mistecka.png\" alt=\"\" width=\"456\" height=\"392\"><\/a><\/p>\n<p>&nbsp;<\/p>\n","protected":false},"excerpt":{"rendered":"<p>V domech M\u00edsteck\u00e1 448-451 a Malkovsk\u00e9ho 602 byla spu\u0161t\u011bna anketa o ps\u00edm h\u0159i\u0161ti, kter\u00e9 je pl\u00e1nov\u00e1no v&nbsp;r\u00e1mci Let\u0148ansk\u00fdch lentilek. Sv\u016fj souhlasn\u00fd nebo negativn\u00ed n\u00e1zor m\u00e1te mo\u017enost vyj\u00e1d\u0159it p\u0159\u00edmo v&nbsp;domech nebo zde v&nbsp;sekci koment\u00e1\u0159\u016f pod \u010dl\u00e1nkem. Anketa pob\u011b\u017e\u00ed do konce srpna 2012 a v&nbsp;p\u0159\u00edpad\u011b, \u017ee v\u011bt\u0161ina lid\u00ed, kte\u0159\u00ed v t\u011bchto domech bydl\u00ed, nebude s&nbsp;ps\u00edm h\u0159i\u0161t\u011bm souhlasit, &hellip; <\/p>\n<p class=\"link-more\"><a href=\"https:\/\/www.jan-mikulecky.cz\/index.php\/2021\/02\/23\/anketa-o-psim-hristi-v-mistecke-ulici\/\" class=\"more-link\">Pokra\u010dovat ve \u010dten\u00ed<span class=\"screen-reader-text\"> &#8222;Anketa o ps\u00edm h\u0159i\u0161ti v M\u00edsteck\u00e9&#8220;<\/span><\/a><\/p>\n","protected":false},"author":1,"featured_media":0,"comment_status":"closed","ping_status":"open","sticky":false,"template":"","format":"standard","meta":[],"categories":[6,11,12],"tags":[],"_links":{"self":[{"href":"https:\/\/www.jan-mikulecky.cz\/index.php\/wp-json\/wp\/v2\/posts\/484"}],"collection":[{"href":"https:\/\/www.jan-mikulecky.cz\/index.php\/wp-json\/wp\/v2\/posts"}],"about":[{"href":"https:\/\/www.jan-mikulecky.cz\/index.php\/wp-json\/wp\/v2\/types\/post"}],"author":[{"embeddable":true,"href":"https:\/\/www.jan-mikulecky.cz\/index.php\/wp-json\/wp\/v2\/users\/1"}],"replies":[{"embeddable":true,"href":"https:\/\/www.jan-mikulecky.cz\/index.php\/wp-json\/wp\/v2\/comments?post=484"}],"version-history":[{"count":1,"href":"https:\/\/www.jan-mikulecky.cz\/index.php\/wp-json\/wp\/v2\/posts\/484\/revisions"}],"predecessor-version":[{"id":2800,"href":"https:\/\/www.jan-mikulecky.cz\/index.php\/wp-json\/wp\/v2\/posts\/484\/revisions\/2800"}],"wp:attachment":[{"href":"https:\/\/www.jan-mikulecky.cz\/index.php\/wp-json\/wp\/v2\/media?parent=484"}],"wp:term":[{"taxonomy":"category","embeddable":true,"href":"https:\/\/www.jan-mikulecky.cz\/index.php\/wp-json\/wp\/v2\/categories?post=484"},{"taxonomy":"post_tag","embeddable":true,"href":"https:\/\/www.jan-mikulecky.cz\/index.php\/wp-json\/wp\/v2\/tags?post=484"}],"curies":[{"name":"wp","href":"https:\/\/api.w.org\/{rel}","templated":true}]}}