{"id":597,"date":"2020-09-22T19:56:50","date_gmt":"2020-09-22T19:56:50","guid":{"rendered":"http:\/\/letnanskelentilky.cz\/?p=597"},"modified":"2020-08-27T08:53:55","modified_gmt":"2020-08-27T08:53:55","slug":"popis-lentilek-pro-uzemni-rizeni","status":"publish","type":"post","link":"https:\/\/www.jan-mikulecky.cz\/index.php\/2020\/09\/22\/popis-lentilek-pro-uzemni-rizeni\/","title":{"rendered":"Popis lentilek pro \u00fazemn\u00ed \u0159\u00edzen\u00ed"},"content":{"rendered":"<p><a href=\"http:\/\/letnanskelentilky.cz\/lentilky\/\"><img loading=\"lazy\" class=\"alignleft size-thumbnail wp-image-510\" title=\"Lentilka posezeni\" src=\"http:\/\/letnanskelentilky.cz\/wp-content\/uploads\/Lentilka-posezeni-150x150.png\" alt=\"\" width=\"150\" height=\"150\"><\/a>Lentilky, kter\u00e9 jsou za\u0159azeny do f\u00e1ze 1-3, byly<a title=\"Lentilky\" href=\"http:\/\/letnanskelentilky.cz\/lentilky\/\"> rozpracov\u00e1ny ve v\u011bt\u0161\u00edm&nbsp;detailu <\/a>pro pot\u0159eby \u00fazemn\u00edho \u0159\u00edzen\u00ed.&nbsp;Po technick\u00e9 str\u00e1nce budou v\u00edce rozpracov\u00e1ny v roce 2013, kdy bude dokon\u010dena dokumentace pro stavebn\u00ed povolen\u00ed.<\/p>\n<p>Ke vzhledu lentilek se ka\u017ed\u00fd m\u016f\u017ee vyj\u00e1d\u0159it prost\u0159ednictv\u00edm koment\u00e1\u0159\u016f. Konkr\u00e9tn\u00ed um\u00edst\u011bn\u00ed je je\u0161t\u011b p\u0159edm\u011btem diskuse, do kter\u00e9 se m\u016f\u017ee zapojit ka\u017ed\u00fd z obyvatel s\u00eddli\u0161t\u011b.<\/p>\n","protected":false},"excerpt":{"rendered":"<p>Lentilky, kter\u00e9 jsou za\u0159azeny do f\u00e1ze 1-3, byly rozpracov\u00e1ny ve v\u011bt\u0161\u00edm&nbsp;detailu pro pot\u0159eby \u00fazemn\u00edho \u0159\u00edzen\u00ed.&nbsp;Po technick\u00e9 str\u00e1nce budou v\u00edce rozpracov\u00e1ny v roce 2013, kdy bude dokon\u010dena dokumentace pro stavebn\u00ed povolen\u00ed. Ke vzhledu lentilek se ka\u017ed\u00fd m\u016f\u017ee vyj\u00e1d\u0159it prost\u0159ednictv\u00edm koment\u00e1\u0159\u016f. Konkr\u00e9tn\u00ed um\u00edst\u011bn\u00ed je je\u0161t\u011b p\u0159edm\u011btem diskuse, do kter\u00e9 se m\u016f\u017ee zapojit ka\u017ed\u00fd z obyvatel s\u00eddli\u0161t\u011b.<\/p>\n","protected":false},"author":1,"featured_media":0,"comment_status":"closed","ping_status":"open","sticky":false,"template":"","format":"standard","meta":[],"categories":[11],"tags":[],"_links":{"self":[{"href":"https:\/\/www.jan-mikulecky.cz\/index.php\/wp-json\/wp\/v2\/posts\/597"}],"collection":[{"href":"https:\/\/www.jan-mikulecky.cz\/index.php\/wp-json\/wp\/v2\/posts"}],"about":[{"href":"https:\/\/www.jan-mikulecky.cz\/index.php\/wp-json\/wp\/v2\/types\/post"}],"author":[{"embeddable":true,"href":"https:\/\/www.jan-mikulecky.cz\/index.php\/wp-json\/wp\/v2\/users\/1"}],"replies":[{"embeddable":true,"href":"https:\/\/www.jan-mikulecky.cz\/index.php\/wp-json\/wp\/v2\/comments?post=597"}],"version-history":[{"count":1,"href":"https:\/\/www.jan-mikulecky.cz\/index.php\/wp-json\/wp\/v2\/posts\/597\/revisions"}],"predecessor-version":[{"id":2723,"href":"https:\/\/www.jan-mikulecky.cz\/index.php\/wp-json\/wp\/v2\/posts\/597\/revisions\/2723"}],"wp:attachment":[{"href":"https:\/\/www.jan-mikulecky.cz\/index.php\/wp-json\/wp\/v2\/media?parent=597"}],"wp:term":[{"taxonomy":"category","embeddable":true,"href":"https:\/\/www.jan-mikulecky.cz\/index.php\/wp-json\/wp\/v2\/categories?post=597"},{"taxonomy":"post_tag","embeddable":true,"href":"https:\/\/www.jan-mikulecky.cz\/index.php\/wp-json\/wp\/v2\/tags?post=597"}],"curies":[{"name":"wp","href":"https:\/\/api.w.org\/{rel}","templated":true}]}}