{"id":603,"date":"2021-02-19T15:04:38","date_gmt":"2021-02-19T15:04:38","guid":{"rendered":"http:\/\/letnanskelentilky.cz\/?p=603"},"modified":"2020-08-27T09:20:43","modified_gmt":"2020-08-27T09:20:43","slug":"budoucnost-valu-malkovskeho","status":"publish","type":"post","link":"https:\/\/www.jan-mikulecky.cz\/index.php\/2021\/02\/19\/budoucnost-valu-malkovskeho\/","title":{"rendered":"Budoucnost valu Malkovsk\u00e9ho"},"content":{"rendered":"<p><a href=\"http:\/\/letnanskelentilky.cz\/wp-content\/uploads\/Studie-val-Malkovskeho.png\"><img loading=\"lazy\" class=\"alignleft size-thumbnail wp-image-609\" title=\"Studie val Malkovskeho\" src=\"http:\/\/letnanskelentilky.cz\/wp-content\/uploads\/Studie-val-Malkovskeho-150x150.png\" alt=\"\" width=\"150\" height=\"150\"><\/a>Val v&nbsp;ulici Malkovsk\u00e9ho je v\u00fdznamnou \u010d\u00e1st\u00ed projektu Let\u0148ansk\u00e9 lentilky. V&nbsp;prvn\u00ed verzi studie navrhli architekti na jeho m\u00edst\u011b vybudovat zelen\u00e9 parkovi\u0161t\u011b, kter\u00e9 sn\u00ed\u017e\u00ed nedostatek parkovac\u00edch m\u00edst a z\u00e1rove\u0148 zv\u00fd\u0161\u00ed kvalitu zelen\u011b sm\u011brem k&nbsp;Tupolevov\u011b ulici. Val byl p\u0159edm\u011btem mnoha diskus\u00ed mezi obyvateli, nicm\u00e9n\u011b zat\u00edm nebylo nijak rozhodnuto a budoucnost valu je st\u00e1le otev\u0159en\u00e1.<\/p>\n<p style=\"text-align: center;\"><!--more--><\/p>\n<p><strong><em><\/em><\/strong>Jako p\u0159\u00edsp\u011bvek do diskuse si let\u0148ansk\u00e1 radnice nechala zpracovat 3 odborn\u00e9 posudky.&nbsp;Nejd\u0159\u00edve bylo provedeno n\u011bkolik sond, aby se zjistilo, co t\u011bleso valu tvo\u0159\u00ed. V\u00fdsledek je uspokojiv\u00fd, proto\u017ee sondy neodhalily \u017e\u00e1dn\u00e9 \u0161kodliv\u00e9 l\u00e1tky nebo materi\u00e1ly. Val je z p\u0159eva\u017euj\u00edc\u00ed \u010d\u00e1sti tvo\u0159en v\u00fdkopkem m\u00edstn\u00edch zemin a hornin poch\u00e1zej\u00edc\u00edch s&nbsp;velkou pravd\u011bpodobnost\u00ed z v\u00fdstavby s\u00eddli\u0161t\u011b.<\/p>\n<p><a href=\"http:\/\/letnanskelentilky.cz\/wp-content\/uploads\/SondaK1.png\"><img loading=\"lazy\" class=\"aligncenter size-medium wp-image-607\" title=\"SondaK1\" src=\"http:\/\/letnanskelentilky.cz\/wp-content\/uploads\/SondaK1-300x246.png\" alt=\"\" width=\"300\" height=\"246\"><\/a><\/p>\n<p>Posudky zelen\u011b v\u0161ak pozitivn\u00ed zpr\u00e1vy nep\u0159inesly. Aby byl zaji\u0161t\u011bn skute\u010dn\u011b nez\u00e1visl\u00fd pohled, byly zpracov\u00e1ny dva posudky, jejich\u017e z\u00e1v\u011br je shodn\u00fd: vitalita u vzrostl\u00fdch borovic je z\u0159eteln\u011b naru\u0161en\u00e1 (prosych\u00e1n\u00ed korun) a u n\u00edzk\u00fdch je zbytkov\u00e1, tzn. t\u00e9m\u011b\u0159 odum\u0159el\u00fd strom. Nav\u00edc jsou n\u011bkter\u00e9 stromy napadeny houbou Sphaeropsis sapinea, kter\u00e1 p\u016fsob\u00ed reznut\u00ed jehlic a n\u00e1sledn\u00e9 prosych\u00e1n\u00ed koruny. Je nutn\u00e9 omezit \u0161\u00ed\u0159en\u00ed t\u00e9to houby, a to prob\u00edrkou a zdravotn\u00edm \u0159ezem, obnovit proud\u011bn\u00ed vzduchu v korun\u00e1ch strom\u016f, napaden\u00e9 v\u011btve zlikvidovat, pou\u017e\u00edt post\u0159ik na b\u00e1zi fungicid\u016f, kter\u00fd v\u0161ak lze aplikovat pouze omezen\u011b, proto\u017ee porost se nach\u00e1z\u00ed v&nbsp;bl\u00edzkosti bytov\u00e9 z\u00e1stavby. Oba znalci odhadli budoucnost borovic na max. 5 let a navrhli sp\u00ed\u0161e jejich vyk\u00e1cen\u00ed a obnoven\u00ed porostu jin\u00fdmi rychle rostouc\u00edmi stromy.<\/p>\n<h5><a href=\"http:\/\/letnanskelentilky.cz\/wp-content\/uploads\/PDFlogo2.png\"><img loading=\"lazy\" class=\"alignleft  wp-image-617\" title=\"PDFlogo2\" src=\"http:\/\/letnanskelentilky.cz\/wp-content\/uploads\/PDFlogo2-150x150.png\" alt=\"\" width=\"58\" height=\"58\"><\/a><a href=\"http:\/\/letnanskelentilky.cz\/wp-content\/uploads\/Zpr\u00e1va-o-valu-Malkovsk\u00e9ho-120606.pdf\">Zpr\u00e1va o valu Malkovsk\u00e9ho 120606<br \/>\n<\/a><a href=\"http:\/\/letnanskelentilky.cz\/wp-content\/uploads\/Posudek-valu-Malkovsk\u00e9ho-NOVOTN\u00dd-120805.pdf\">Posudek valu Malkovsk\u00e9ho NOVOTN\u00dd 120805<br \/>\n<\/a><a href=\"http:\/\/letnanskelentilky.cz\/wp-content\/uploads\/Posudek-valu-Malkovsk\u00e9ho-KUBAL-120731.pdf\">Posudek valu Malkovsk\u00e9ho KUBAL 120731<\/a><\/h5>\n<p>&nbsp;<\/p>\n<p>V projektu Lentilek se nyn\u00ed \u0159e\u0161\u00ed f\u00e1ze 1-3. Val je zahrnut\u00fd ve f\u00e1zi 6, jej\u00ed\u017e realizace se p\u0159edpokl\u00e1d\u00e1 a\u017e po roce 2014. Nen\u00ed o ni\u010dem rozhodnuto a osud valu bude je\u0161t\u011b velmi detailn\u011b diskutov\u00e1n na p\u016fd\u011b Let\u0148ansk\u00e9 radnice a samoz\u0159ejm\u011b i s ob\u010dany.<\/p>\n<p>Sv\u016fj n\u00e1zor na budoucnost ulice Malkovsk\u00e9ho m\u016f\u017eete vyj\u00e1d\u0159it n\u00ed\u017ee v diskusi a anket\u011b.<\/p>\n<p>Anketa byla ukon\u010dena 30\/11\/2012.<\/p>\n<p>[poll id=&#8220;2&#8243;]<\/p>\n<p><em>Aktualizace po skon\u010den\u00ed ankety:&nbsp;<\/em>Anketa bohu\u017eel nen\u00ed zcela pr\u016fkazn\u00e1, proto\u017ee se v n\u00ed objevuj\u00ed hlasy z \u010c\u00edny, Braz\u00edlie nebo Nov\u00e9ho Z\u00e9landu. N\u011bkolikr\u00e1t tak\u00e9 do\u0161lo k rychl\u00e9mu n\u00e1r\u016fstu hlas\u016f nap\u0159\u00edklad ze stavebn\u00ed fakulty \u010cVUT. Nelze p\u0159edpokl\u00e1dat, \u017ee by v Malkovsk\u00e9ho ulici bydlelo t\u00e9m\u011b\u0159 20 student\u016f, kte\u0159\u00ed studuj\u00ed geod\u00e9zii a kartografii&nbsp;na FSv a chod\u00ed do po\u010d\u00edta\u010dov\u00e9 u\u010debny B870 a B973.<\/p>\n<p><a href=\"http:\/\/letnanskelentilky.cz\/wp-content\/uploads\/AnketaFSv.jpg\"><img loading=\"lazy\" class=\"aligncenter size-full wp-image-732\" title=\"AnketaFSv\" src=\"http:\/\/letnanskelentilky.cz\/wp-content\/uploads\/AnketaFSv.jpg\" alt=\"\" width=\"1084\" height=\"483\"><\/a><\/p>\n<p>Toto byla mal\u00e1 zkou\u0161ka demokracie a odpov\u011bdnosti, kterou n\u011bkte\u0159\u00ed na\u0161i soused\u00e9 nezvl\u00e1dli. Jak m\u016f\u017eeme cht\u00edt po na\u0161ich p\u0159edstavitel\u00edch, aby byli poctiv\u00ed, kdy\u017e sami podv\u00e1d\u00edme u\u017e v takov\u00fdch drobnostech, jako jsou jednoduch\u00e9 ankety?<\/p>\n<p><em>Aktualizace 22\/1\/2013:&nbsp;<a href=\"http:\/\/www.letnanskelisty.cz\/sidliste-a-zivotni-prostredi\/602-val-v-malkovsk%C3%A9ho-ulici-%C4%8Dek%C3%A1-dal%C5%A1%C3%AD-%C3%BAprava.html\" target=\"_blank\" rel=\"noopener noreferrer\">Val v Malkovsk\u00e9ho ulici \u010dek\u00e1 dal\u0161\u00ed \u00faprava<\/a><\/em><\/p>\n<p><em>Aktualizace 22\/5\/2013:&nbsp;<a href=\"http:\/\/www.letnanskelisty.cz\/sidliste-a-zivotni-prostredi\/810-val-je-po-ozdravn%C3%A9m-z%C3%A1sahu,-obyvatel%C3%A9-jej-schv%C3%A1lili.html\" target=\"_blank\" rel=\"noopener noreferrer\">Val je po ozdravn\u00e9m z\u00e1sahu, obyvatel\u00e9 jej schv\u00e1lili<\/a><\/em><\/p>\n<p>&nbsp;<\/p>\n","protected":false},"excerpt":{"rendered":"<p>Val v&nbsp;ulici Malkovsk\u00e9ho je v\u00fdznamnou \u010d\u00e1st\u00ed projektu Let\u0148ansk\u00e9 lentilky. V&nbsp;prvn\u00ed verzi studie navrhli architekti na jeho m\u00edst\u011b vybudovat zelen\u00e9 parkovi\u0161t\u011b, kter\u00e9 sn\u00ed\u017e\u00ed nedostatek parkovac\u00edch m\u00edst a z\u00e1rove\u0148 zv\u00fd\u0161\u00ed kvalitu zelen\u011b sm\u011brem k&nbsp;Tupolevov\u011b ulici. Val byl p\u0159edm\u011btem mnoha diskus\u00ed mezi obyvateli, nicm\u00e9n\u011b zat\u00edm nebylo nijak rozhodnuto a budoucnost valu je st\u00e1le otev\u0159en\u00e1.<\/p>\n","protected":false},"author":1,"featured_media":617,"comment_status":"closed","ping_status":"open","sticky":false,"template":"","format":"standard","meta":[],"categories":[16,15],"tags":[],"_links":{"self":[{"href":"https:\/\/www.jan-mikulecky.cz\/index.php\/wp-json\/wp\/v2\/posts\/603"}],"collection":[{"href":"https:\/\/www.jan-mikulecky.cz\/index.php\/wp-json\/wp\/v2\/posts"}],"about":[{"href":"https:\/\/www.jan-mikulecky.cz\/index.php\/wp-json\/wp\/v2\/types\/post"}],"author":[{"embeddable":true,"href":"https:\/\/www.jan-mikulecky.cz\/index.php\/wp-json\/wp\/v2\/users\/1"}],"replies":[{"embeddable":true,"href":"https:\/\/www.jan-mikulecky.cz\/index.php\/wp-json\/wp\/v2\/comments?post=603"}],"version-history":[{"count":1,"href":"https:\/\/www.jan-mikulecky.cz\/index.php\/wp-json\/wp\/v2\/posts\/603\/revisions"}],"predecessor-version":[{"id":2798,"href":"https:\/\/www.jan-mikulecky.cz\/index.php\/wp-json\/wp\/v2\/posts\/603\/revisions\/2798"}],"wp:featuredmedia":[{"embeddable":true,"href":"https:\/\/www.jan-mikulecky.cz\/index.php\/wp-json\/wp\/v2\/media\/617"}],"wp:attachment":[{"href":"https:\/\/www.jan-mikulecky.cz\/index.php\/wp-json\/wp\/v2\/media?parent=603"}],"wp:term":[{"taxonomy":"category","embeddable":true,"href":"https:\/\/www.jan-mikulecky.cz\/index.php\/wp-json\/wp\/v2\/categories?post=603"},{"taxonomy":"post_tag","embeddable":true,"href":"https:\/\/www.jan-mikulecky.cz\/index.php\/wp-json\/wp\/v2\/tags?post=603"}],"curies":[{"name":"wp","href":"https:\/\/api.w.org\/{rel}","templated":true}]}}