{"id":628,"date":"2021-02-17T17:28:44","date_gmt":"2021-02-17T17:28:44","guid":{"rendered":"http:\/\/letnanskelentilky.cz\/?p=628"},"modified":"2020-08-27T09:20:26","modified_gmt":"2020-08-27T09:20:26","slug":"co-bude-misto-psi-lentilky","status":"publish","type":"post","link":"https:\/\/www.jan-mikulecky.cz\/index.php\/2021\/02\/17\/co-bude-misto-psi-lentilky\/","title":{"rendered":"Co bude m\u00edsto ps\u00ed lentilky?"},"content":{"rendered":"<p><a href=\"http:\/\/letnanskelentilky.cz\/wp-content\/uploads\/PsiLoukaQ.png\"><img loading=\"lazy\" class=\"alignleft size-thumbnail wp-image-631\" title=\"PsiLoukaQ\" alt=\"\" src=\"http:\/\/letnanskelentilky.cz\/wp-content\/uploads\/PsiLoukaQ-150x150.png\" width=\"150\" height=\"150\"><\/a>P\u0159es pr\u00e1zdniny prob\u00edhala anketa o ps\u00ed lentilce v M\u00edsteck\u00e9 ulici, <a title=\"Anketa o ps\u00edm h\u0159i\u0161ti v M\u00edsteck\u00e9\" href=\"http:\/\/letnanskelentilky.cz\/anketa-o-psim-hristi-v-mistecke-ulici\/\">v\u00edce zde<\/a>.&nbsp;Lid\u00e9 z&nbsp;n\u011bkter\u00fdch osloven\u00fdch vchod\u016f vyj\u00e1d\u0159ili rozumn\u00fdm zp\u016fsobem sv\u016fj n\u00e1zor. Radn\u00ed Jan Mikuleck\u00fd od zah\u00e1jen\u00ed projektu v\u017edy a v\u0161ude prezentuje, aby obyvatel\u00e9 s\u00eddli\u0161t\u011b sd\u011blovali sv\u016fj pohled na Lentilky. Anketa je velmi dobr\u00fd zp\u016fsob, jak z\u00edskat informaci o n\u00e1zoru na v\u011bc, a proto velk\u00fd d\u00edk pat\u0159\u00ed pan\u00ed Obleserov\u00e9, kter\u00e1 ji pro dot\u010den\u00e9 vchody zorganizovala.<!--more--><\/p>\n<h1><strong>V\u00fdsledky ankety o ps\u00ed lentilce:<\/strong><\/h1>\n<p>M\u00edsteck\u00e1 448: 12 proti, 0 pro<br \/>\nM\u00edsteck\u00e1 449: 24 proti, 0 pro<br \/>\nM\u00edsteck\u00e1 451: 1 proti, 0 pro<br \/>\nMalkovsk\u00e9ho 602: 2 proti, 2 pro (pap\u00edr s anketou zmizel po p\u00e1r dnech)<br \/>\nKoment\u00e1\u0159e pod \u010dl\u00e1nkem: 4 proti, 2 pro<\/p>\n<p><strong><\/strong>Nyn\u00ed tedy zb\u00fdv\u00e1 jen vymyslet, co m\u00edsto ps\u00ed lentilky bude. M\u00e1te n\u011bjak\u00fd n\u00e1pad? M\u016f\u017eete vyb\u00edrat z&nbsp;<a href=\"http:\/\/letnanskelentilky.cz\/download\/Katalog%20lentilek%20110921.pdf\">katalogu zde<\/a>&nbsp;nebo klikn\u011bte v\u00fd\u0161e&nbsp;na menu Lentilky.<\/p>\n<p>Anketa byla ukon\u010dena 30\/9\/2012.<\/p>\n<p>[poll id=&#8220;3&#8243;]<\/p>\n<p><em><\/em><em>Aktualizace 15\/10\/2013: Ps\u00ed lentilka byla nahrazena <a title=\"Lentilka houpac\u00ed\" href=\"http:\/\/letnanskelentilky.cz\/lentilky\/lentilka-houpaci\/\">lentilkou houpac\u00ed<\/a>, kter\u00e1 bude um\u00edst\u011bna za domem Ivan\u010dick\u00e1. P\u0159ed vchody M\u00edsteck\u00e1 448-449 z\u016fstane pouze zelen\u00e1 plocha.<\/em><\/p>\n","protected":false},"excerpt":{"rendered":"<p>P\u0159es pr\u00e1zdniny prob\u00edhala anketa o ps\u00ed lentilce v M\u00edsteck\u00e9 ulici, v\u00edce zde.&nbsp;Lid\u00e9 z&nbsp;n\u011bkter\u00fdch osloven\u00fdch vchod\u016f vyj\u00e1d\u0159ili rozumn\u00fdm zp\u016fsobem sv\u016fj n\u00e1zor. Radn\u00ed Jan Mikuleck\u00fd od zah\u00e1jen\u00ed projektu v\u017edy a v\u0161ude prezentuje, aby obyvatel\u00e9 s\u00eddli\u0161t\u011b sd\u011blovali sv\u016fj pohled na Lentilky. Anketa je velmi dobr\u00fd zp\u016fsob, jak z\u00edskat informaci o n\u00e1zoru na v\u011bc, a proto velk\u00fd d\u00edk pat\u0159\u00ed &hellip; <\/p>\n<p class=\"link-more\"><a href=\"https:\/\/www.jan-mikulecky.cz\/index.php\/2021\/02\/17\/co-bude-misto-psi-lentilky\/\" class=\"more-link\">Pokra\u010dovat ve \u010dten\u00ed<span class=\"screen-reader-text\"> &#8222;Co bude m\u00edsto ps\u00ed lentilky?&#8220;<\/span><\/a><\/p>\n","protected":false},"author":1,"featured_media":0,"comment_status":"closed","ping_status":"open","sticky":false,"template":"","format":"standard","meta":[],"categories":[6,11,12],"tags":[],"_links":{"self":[{"href":"https:\/\/www.jan-mikulecky.cz\/index.php\/wp-json\/wp\/v2\/posts\/628"}],"collection":[{"href":"https:\/\/www.jan-mikulecky.cz\/index.php\/wp-json\/wp\/v2\/posts"}],"about":[{"href":"https:\/\/www.jan-mikulecky.cz\/index.php\/wp-json\/wp\/v2\/types\/post"}],"author":[{"embeddable":true,"href":"https:\/\/www.jan-mikulecky.cz\/index.php\/wp-json\/wp\/v2\/users\/1"}],"replies":[{"embeddable":true,"href":"https:\/\/www.jan-mikulecky.cz\/index.php\/wp-json\/wp\/v2\/comments?post=628"}],"version-history":[{"count":1,"href":"https:\/\/www.jan-mikulecky.cz\/index.php\/wp-json\/wp\/v2\/posts\/628\/revisions"}],"predecessor-version":[{"id":2797,"href":"https:\/\/www.jan-mikulecky.cz\/index.php\/wp-json\/wp\/v2\/posts\/628\/revisions\/2797"}],"wp:attachment":[{"href":"https:\/\/www.jan-mikulecky.cz\/index.php\/wp-json\/wp\/v2\/media?parent=628"}],"wp:term":[{"taxonomy":"category","embeddable":true,"href":"https:\/\/www.jan-mikulecky.cz\/index.php\/wp-json\/wp\/v2\/categories?post=628"},{"taxonomy":"post_tag","embeddable":true,"href":"https:\/\/www.jan-mikulecky.cz\/index.php\/wp-json\/wp\/v2\/tags?post=628"}],"curies":[{"name":"wp","href":"https:\/\/api.w.org\/{rel}","templated":true}]}}