{"id":667,"date":"2021-02-13T09:32:24","date_gmt":"2021-02-13T09:32:24","guid":{"rendered":"http:\/\/letnanskelentilky.cz\/?p=667"},"modified":"2020-08-27T09:19:48","modified_gmt":"2020-08-27T09:19:48","slug":"proc-neni-vice-variant-projektu","status":"publish","type":"post","link":"https:\/\/www.jan-mikulecky.cz\/index.php\/2021\/02\/13\/proc-neni-vice-variant-projektu\/","title":{"rendered":"Pro\u010d nen\u00ed v\u00edce variant projektu?"},"content":{"rendered":"<p>Ob\u010dan\u00e9 Let\u0148an maj\u00ed mo\u017enost ovlivnit budouc\u00ed sm\u011b\u0159ov\u00e1n\u00ed projektu Let\u0148ansk\u00fdch Lentilek. Prob\u00edhaj\u00ed <a title=\"Ve\u0159ejn\u00e1 prezentace Lentilek\" href=\"http:\/\/letnanskelentilky.cz\/verejna-prezentace-lentilek\/\">ve\u0159ejn\u00e9 diskuse<\/a>, <a title=\"Variantn\u00ed \u0159e\u0161en\u00ed ulice Ku\u017eelova\" href=\"http:\/\/letnanskelentilky.cz\/variantni-reseni-ulice-kuzelova\/\">setk\u00e1n\u00ed s&nbsp;SVJ<\/a>, <a title=\"Budoucnost valu v Malkovsk\u00e9ho\" href=\"http:\/\/letnanskelentilky.cz\/budoucnost-valu-v-malkovskeho-ulici\/\">ankety<\/a> apod. Lentilky jsou nejv\u00edce otev\u0159en\u00fd pra\u017esk\u00fd projekt obnovy s\u00eddli\u0161t\u011b, kter\u00fd je unik\u00e1tn\u00ed sv\u00fdm rozsahem a z\u00e1rove\u0148 vysokou \u00farovn\u00ed publicity a komunikace s&nbsp;ve\u0159ejnost\u00ed. I p\u0159esto se v\u0161ak objevuj\u00ed v\u00fdtky ob\u010dan\u016f t\u00fdkaj\u00edc\u00ed se omezen\u00e9ho po\u010dtu mo\u017enost\u00ed a variant, z&nbsp;kter\u00fdch mohou vyb\u00edrat.<!--more--><\/p>\n<p>V&nbsp;r\u00e1mci projektu Lentilek se diskutuje \u0159ada variant parkov\u00e1n\u00ed, zelen\u011b, nov\u00fdch komunikac\u00ed, um\u00edst\u011bn\u00ed lentilek apod. Prvn\u00ed diskuse prob\u00edh\u00e1 na \u00farovni projektant\u016f, technik\u016f, vlastn\u00edk\u016f pozemku, stavebn\u00edho odboru, policie a dal\u0161\u00edch dot\u010den\u00fdch org\u00e1n\u016f. \u0158ada variant, kter\u00e9 jsou nakreslen\u00e9 na pap\u00ed\u0159e a na prvn\u00ed dojem vypadaj\u00ed ide\u00e1ln\u011b, tam tak\u00e9 z\u016fstanou, proto\u017ee nejsou z&nbsp;r\u016fzn\u00fdch d\u016fvod\u016f realizovateln\u00e9. Vlastn\u00edk pozemk\u016f nebo <a title=\"Font\u00e1na v Krausov\u011b ulici\" href=\"http:\/\/letnanskelentilky.cz\/fontana-v-krausove-ulici\/\">spodn\u00ed infrastruktury nesouhlas\u00ed<\/a>, <a title=\"Varianty parkovi\u0161t\u011b M\u00edsteck\u00e1 x Krausova\" href=\"http:\/\/letnanskelentilky.cz\/varianty-parkoviste-mistecka-x-krausova\/\">Policie \u010cR \u010di jin\u00fd \u00fa\u0159ad ned\u00e1 souhlasn\u00e9 stanovisko<\/a> nebo je dan\u00e1 varianta ekonomicky nev\u00fdhodn\u00e1.<\/p>\n<p>V&nbsp;n\u011bkter\u00fdch p\u0159\u00edpadech vyjde z&nbsp;detailn\u00edho posouzen\u00ed pouze jedna mo\u017en\u00e1 varianta, a proto nen\u00ed nic jin\u00e9ho na v\u00fdb\u011br. Pokud v\u0161ak existuje v\u00edce variant, jsou to pr\u00e1v\u011b ob\u010dan\u00e9 Let\u0148an a prim\u00e1rn\u011b lid\u00e9 ze s\u00eddli\u0161t\u011b, kte\u0159\u00ed maj\u00ed mo\u017enost rozhodnout o budoucnosti sv\u00e9ho okol\u00ed. Z\u00e1stupci let\u0148ansk\u00e9 radnice velmi pe\u010dliv\u011b naslouchaj\u00ed v\u0161em n\u00e1zor\u016f a p\u0159izp\u016fsobuj\u00ed projekt v&nbsp;r\u00e1mci mo\u017enost\u00ed podle v\u016fle obyvatel s\u00eddli\u0161t\u011b. Takov\u00fdm p\u0159\u00edkladem je mj. <a title=\"Variantn\u00ed \u0159e\u0161en\u00ed ulice Ku\u017eelova\" href=\"http:\/\/letnanskelentilky.cz\/variantni-reseni-ulice-kuzelova\/\">zm\u011bna v Ku\u017eelov\u011b ulici<\/a>.<\/p>\n","protected":false},"excerpt":{"rendered":"<p>Ob\u010dan\u00e9 Let\u0148an maj\u00ed mo\u017enost ovlivnit budouc\u00ed sm\u011b\u0159ov\u00e1n\u00ed projektu Let\u0148ansk\u00fdch Lentilek. Prob\u00edhaj\u00ed ve\u0159ejn\u00e9 diskuse, setk\u00e1n\u00ed s&nbsp;SVJ, ankety apod. Lentilky jsou nejv\u00edce otev\u0159en\u00fd pra\u017esk\u00fd projekt obnovy s\u00eddli\u0161t\u011b, kter\u00fd je unik\u00e1tn\u00ed sv\u00fdm rozsahem a z\u00e1rove\u0148 vysokou \u00farovn\u00ed publicity a komunikace s&nbsp;ve\u0159ejnost\u00ed. I p\u0159esto se v\u0161ak objevuj\u00ed v\u00fdtky ob\u010dan\u016f t\u00fdkaj\u00edc\u00ed se omezen\u00e9ho po\u010dtu mo\u017enost\u00ed a variant, z&nbsp;kter\u00fdch mohou vyb\u00edrat.<\/p>\n","protected":false},"author":1,"featured_media":0,"comment_status":"closed","ping_status":"open","sticky":false,"template":"","format":"standard","meta":[],"categories":[5],"tags":[],"_links":{"self":[{"href":"https:\/\/www.jan-mikulecky.cz\/index.php\/wp-json\/wp\/v2\/posts\/667"}],"collection":[{"href":"https:\/\/www.jan-mikulecky.cz\/index.php\/wp-json\/wp\/v2\/posts"}],"about":[{"href":"https:\/\/www.jan-mikulecky.cz\/index.php\/wp-json\/wp\/v2\/types\/post"}],"author":[{"embeddable":true,"href":"https:\/\/www.jan-mikulecky.cz\/index.php\/wp-json\/wp\/v2\/users\/1"}],"replies":[{"embeddable":true,"href":"https:\/\/www.jan-mikulecky.cz\/index.php\/wp-json\/wp\/v2\/comments?post=667"}],"version-history":[{"count":1,"href":"https:\/\/www.jan-mikulecky.cz\/index.php\/wp-json\/wp\/v2\/posts\/667\/revisions"}],"predecessor-version":[{"id":2795,"href":"https:\/\/www.jan-mikulecky.cz\/index.php\/wp-json\/wp\/v2\/posts\/667\/revisions\/2795"}],"wp:attachment":[{"href":"https:\/\/www.jan-mikulecky.cz\/index.php\/wp-json\/wp\/v2\/media?parent=667"}],"wp:term":[{"taxonomy":"category","embeddable":true,"href":"https:\/\/www.jan-mikulecky.cz\/index.php\/wp-json\/wp\/v2\/categories?post=667"},{"taxonomy":"post_tag","embeddable":true,"href":"https:\/\/www.jan-mikulecky.cz\/index.php\/wp-json\/wp\/v2\/tags?post=667"}],"curies":[{"name":"wp","href":"https:\/\/api.w.org\/{rel}","templated":true}]}}