{"id":681,"date":"2021-02-11T22:17:48","date_gmt":"2021-02-11T22:17:48","guid":{"rendered":"http:\/\/letnanskelentilky.cz\/?p=681"},"modified":"2020-08-27T09:19:30","modified_gmt":"2020-08-27T09:19:30","slug":"uzemni-rizeni-letnanskych-lentilek","status":"publish","type":"post","link":"https:\/\/www.jan-mikulecky.cz\/index.php\/2021\/02\/11\/uzemni-rizeni-letnanskych-lentilek\/","title":{"rendered":"\u00dazemn\u00ed \u0159\u00edzen\u00ed Let\u0148ansk\u00fdch lentilek"},"content":{"rendered":"<p><a href=\"http:\/\/letnanskelentilky.cz\/wp-content\/uploads\/Informace-o-z\u00e1m\u011bru-v-\u00fazem\u00ed-a-pod\u00e1n\u00ed-\u017e\u00e1dosti-o-vyd\u00e1n\u00ed-\u00daR.pdf\"><img loading=\"lazy\" class=\"alignleft  wp-image-697\" title=\"OznameniUR\" src=\"http:\/\/letnanskelentilky.cz\/wp-content\/uploads\/OznameniUR.png\" alt=\"\" width=\"97\" height=\"140\"><\/a>V r\u00e1mci \u00fazemn\u00edho \u0159\u00edzen\u00ed se bude konat ve\u0159ejn\u00e9 \u00fastn\u00ed projedn\u00e1n\u00ed&nbsp;dne &nbsp;29.10.2012 v 14.00 hodin. Do t\u00e9 doby je mo\u017en\u00e9 nahl\u00ed\u017eet do dokumentace ke stavb\u011b na odboru v\u00fdstavby a \u00fazemn\u00edho rozhodov\u00e1n\u00ed, Bechy\u0148sk\u00e1 639, Praha 9-Let\u0148any (nejl\u00e9pe v \u00fa\u0159edn\u00edch hodin\u00e1ch: Po, St od 8.30 hod. do 17.00 hod, \u00dat, \u010ct od 8.30 do 14.30 hod., P\u00e1 od 8.30 do 10.30 hod, nejl\u00e9pe po telefonick\u00e9 domluv\u011b v kanc. \u010d. 3.36 ve 2.pat\u0159e).<!--more--><\/p>\n<p>Proto\u017ee mus\u00edme zajistit, \u017ee tato informace bude vyv\u011b\u0161ena na ve\u0159ejn\u00e9m m\u00edst\u011b tak, jak na\u0159izuje&nbsp;vyhl\u00e1\u0161ka \u010d. 503\/2006 sb., byli po\u017e\u00e1d\u00e1ni z\u00e1stupci SVJ spadaj\u00edc\u00ed do etapy 1-3, aby ozn\u00e1men\u00ed vyv\u011bsili na informa\u010dn\u00edch tabul\u00edch ve sv\u00fdch domech. Z\u00e1rove\u0148 bude tato informace <strong>vylepena na vchodech do dom\u016f, za co\u017e se p\u0159edem velmi omlouv\u00e1me<\/strong>, ale mus\u00edme naplnit po\u017eadavky vyhl\u00e1\u0161ky, kter\u00e1 vy\u017eaduje ve\u0159ejn\u00e9 vyv\u011b\u0161en\u00ed na ka\u017ed\u00e9m dot\u010den\u00e9m pozemku.<\/p>\n","protected":false},"excerpt":{"rendered":"<p>V r\u00e1mci \u00fazemn\u00edho \u0159\u00edzen\u00ed se bude konat ve\u0159ejn\u00e9 \u00fastn\u00ed projedn\u00e1n\u00ed&nbsp;dne &nbsp;29.10.2012 v 14.00 hodin. Do t\u00e9 doby je mo\u017en\u00e9 nahl\u00ed\u017eet do dokumentace ke stavb\u011b na odboru v\u00fdstavby a \u00fazemn\u00edho rozhodov\u00e1n\u00ed, Bechy\u0148sk\u00e1 639, Praha 9-Let\u0148any (nejl\u00e9pe v \u00fa\u0159edn\u00edch hodin\u00e1ch: Po, St od 8.30 hod. do 17.00 hod, \u00dat, \u010ct od 8.30 do 14.30 hod., P\u00e1 od &hellip; <\/p>\n<p class=\"link-more\"><a href=\"https:\/\/www.jan-mikulecky.cz\/index.php\/2021\/02\/11\/uzemni-rizeni-letnanskych-lentilek\/\" class=\"more-link\">Pokra\u010dovat ve \u010dten\u00ed<span class=\"screen-reader-text\"> &#8222;\u00dazemn\u00ed \u0159\u00edzen\u00ed Let\u0148ansk\u00fdch lentilek&#8220;<\/span><\/a><\/p>\n","protected":false},"author":1,"featured_media":0,"comment_status":"closed","ping_status":"closed","sticky":false,"template":"","format":"standard","meta":[],"categories":[5],"tags":[],"_links":{"self":[{"href":"https:\/\/www.jan-mikulecky.cz\/index.php\/wp-json\/wp\/v2\/posts\/681"}],"collection":[{"href":"https:\/\/www.jan-mikulecky.cz\/index.php\/wp-json\/wp\/v2\/posts"}],"about":[{"href":"https:\/\/www.jan-mikulecky.cz\/index.php\/wp-json\/wp\/v2\/types\/post"}],"author":[{"embeddable":true,"href":"https:\/\/www.jan-mikulecky.cz\/index.php\/wp-json\/wp\/v2\/users\/1"}],"replies":[{"embeddable":true,"href":"https:\/\/www.jan-mikulecky.cz\/index.php\/wp-json\/wp\/v2\/comments?post=681"}],"version-history":[{"count":1,"href":"https:\/\/www.jan-mikulecky.cz\/index.php\/wp-json\/wp\/v2\/posts\/681\/revisions"}],"predecessor-version":[{"id":2794,"href":"https:\/\/www.jan-mikulecky.cz\/index.php\/wp-json\/wp\/v2\/posts\/681\/revisions\/2794"}],"wp:attachment":[{"href":"https:\/\/www.jan-mikulecky.cz\/index.php\/wp-json\/wp\/v2\/media?parent=681"}],"wp:term":[{"taxonomy":"category","embeddable":true,"href":"https:\/\/www.jan-mikulecky.cz\/index.php\/wp-json\/wp\/v2\/categories?post=681"},{"taxonomy":"post_tag","embeddable":true,"href":"https:\/\/www.jan-mikulecky.cz\/index.php\/wp-json\/wp\/v2\/tags?post=681"}],"curies":[{"name":"wp","href":"https:\/\/api.w.org\/{rel}","templated":true}]}}