{"id":725,"date":"2021-02-07T00:27:22","date_gmt":"2021-02-07T00:27:22","guid":{"rendered":"http:\/\/letnanskelentilky.cz\/?p=725"},"modified":"2020-08-27T09:18:49","modified_gmt":"2020-08-27T09:18:49","slug":"jan-mikulecky-o-valu-v-malkovskeho-rozhodne-referendum-2027","status":"publish","type":"post","link":"https:\/\/www.jan-mikulecky.cz\/index.php\/2021\/02\/07\/jan-mikulecky-o-valu-v-malkovskeho-rozhodne-referendum-2027\/","title":{"rendered":"Jan Mikuleck\u00fd: O valu v Malkovsk\u00e9ho rozhodne referendum 2014"},"content":{"rendered":"<p>Val Malkovsk\u00e9ho byl v posledn\u00edch t\u00fddnech p\u0159edm\u011btem zaj\u00edmav\u00fdch diskus\u00ed. \u0158ada ob\u010dan\u016f se vyjad\u0159ovala pro zachov\u00e1n\u00ed valu, jin\u00ed zase pro mo\u017en\u00e9 parkovi\u0161t\u011b. Jedin\u00e1 skute\u010dn\u011b transparentn\u00ed mo\u017enost, jak vybrat budouc\u00ed variantu, je<strong>&nbsp;Referendum Malkovsk\u00e9ho 2014.<!--more--><\/strong><\/p>\n<p>&#8222;Anketa pod \u010dl\u00e1nkem &nbsp;bohu\u017eel nen\u00ed zcela pr\u016fkazn\u00e1, proto\u017ee se v n\u00ed objevuj\u00ed hlasy z \u010c\u00edny, Braz\u00edlie nebo Nov\u00e9ho Z\u00e9landu. N\u011bkolikr\u00e1t tak\u00e9 do\u0161lo k rychl\u00e9mu n\u00e1r\u016fstu hlas\u016f nap\u0159\u00edklad ze stavebn\u00ed fakulty \u010cVUT. Nelze p\u0159edpokl\u00e1dat, \u017ee by v Malkovsk\u00e9ho ulici bydlelo t\u00e9m\u011b\u0159 20 student\u016f, kte\u0159\u00ed studuj\u00ed geod\u00e9zii a kartografii&nbsp;na FSv a chod\u00ed do po\u010d\u00edta\u010dov\u00e9 u\u010debny B870 a B973,&#8220; \u0159\u00edk\u00e1 absolvent stejn\u00e9 fakulty Jan Mikuleck\u00fd, zastupitel Let\u0148any.<\/p>\n<figure id=\"attachment_2367\" aria-describedby=\"caption-attachment-2367\" style=\"width: 840px\" class=\"wp-caption alignnone\"><img loading=\"lazy\" class=\"wp-image-2367 size-large\" src=\"https:\/\/www.janmikulecky.com\/wp-content\/uploads\/2018\/09\/Jan_Mikulecky_Letnany_AnketaFSv-1024x456.jpg\" alt=\"Autor: Jan Mikulecky, zastupitel Let\u0148any\" width=\"840\" height=\"374\"><figcaption id=\"caption-attachment-2367\" class=\"wp-caption-text\">Autor: Jan Mikulecky, zastupitel Let\u0148any<\/figcaption><\/figure>\n<p>Toto byla mal\u00e1 zkou\u0161ka demokracie a odpov\u011bdnosti, kterou n\u011bkte\u0159\u00ed na\u0161i soused\u00e9 nezvl\u00e1dli. Jak m\u016f\u017eeme cht\u00edt po na\u0161ich p\u0159edstavitel\u00edch, aby byli poctiv\u00ed, kdy\u017e sami podv\u00e1d\u00edme u\u017e v takov\u00fdch drobnostech, jako jsou jednoduch\u00e9 ankety?<\/p>\n<p>Jan Mikuleck\u00fd, zastupitel Let\u0148any dod\u00e1v\u00e1: &#8222;Val je sou\u010d\u00e1st\u00ed projektu Let\u0148ansk\u00fdch lentilek v 6. etap\u011b, jej\u00ed\u017e realizace se p\u0159edpokl\u00e1d\u00e1 a\u017e po roce 2015.&#8220; Architektonick\u00fd n\u00e1vrh nen\u00ed uzav\u0159en a pr\u00e1ce na detailn\u00ed projektov\u00e9 dokumentaci nebyly zah\u00e1jeny. Proto st\u00e1le mohou ob\u010dan\u00e9 Let\u0148an, a zejm\u00e9na Malkovsk\u00e9ho ulice, d\u00e1vat podn\u011bty na budouc\u00ed vzhled sv\u00e9ho okol\u00ed.<\/p>\n<p>Po dohod\u011b s obyvateli Malkovsk\u00e9ho ulice&nbsp;vyhl\u00e1s\u00ed M\u010c Praha 18 <strong>v&nbsp;prvn\u00ed polovin\u011b roku 2014 lok\u00e1ln\u00ed referendum<\/strong>, kter\u00e9ho se budou moci \u00fa\u010dastnit v\u0161ichni obyvatel\u00e9 s trval\u00fdm pobytem v Malkovsk\u00e9ho 592 &#8211; 601. T\u011bch se val bezprost\u0159edn\u011b dot\u00fdk\u00e1. Podm\u00ednkou bude zpracov\u00e1n\u00ed projektov\u00e9 dokumentace.&nbsp;Mo\u017enosti referenda budou obdobn\u00e9 jako u ankety, tedy zachov\u00e1n\u00ed valu, p\u0159\u00edpadn\u011b vybudov\u00e1n\u00ed zelen\u00e9ho parkovi\u0161t\u011b s protihlukov\u00fdmi opat\u0159en\u00edmi. Stejn\u011b jako u Ku\u017eelovy ulice <strong>to budou ob\u010dan\u00e9 t\u00e9to ulice, kte\u0159\u00ed rozhodnou o budoucnosti sv\u00e9ho bydli\u0161t\u011b!<\/strong><\/p>\n<p>V listopadu 2012 bude proveden prvn\u00ed pro\u0159ez nemocn\u00fdch borovic a v pr\u016fb\u011bhu roku 2013 prob\u011bhnou dal\u0161\u00ed udr\u017eovac\u00ed pr\u00e1ce na zeleni. &#8222;Ji\u017e nyn\u00ed je mo\u017en\u00e9 vid\u011bt, jak val zm\u011bnil vzhled d\u00edky \u00faprav\u011b okoln\u00edch ke\u0159\u016f, o kter\u00e9 se radnice za\u010dala starat,&#8220;&nbsp;Jan Mikuleck\u00fd, zastupitel Let\u0148any.<\/p>\n<figure id=\"attachment_2493\" aria-describedby=\"caption-attachment-2493\" style=\"width: 768px\" class=\"wp-caption alignnone\"><img loading=\"lazy\" class=\"wp-image-2493 size-large\" src=\"https:\/\/www.janmikulecky.com\/wp-content\/uploads\/2018\/09\/Jan_Mikulecky_Letnany_P4121337-e1414716199545-768x1024.jpg\" alt=\"Autor: Jan Mikulecky, zastupitel Let\u0148any\" width=\"768\" height=\"1024\"><figcaption id=\"caption-attachment-2493\" class=\"wp-caption-text\">Autor: Jan Mikulecky, zastupitel Let\u0148any<\/figcaption><\/figure>\n<figure id=\"attachment_2514\" aria-describedby=\"caption-attachment-2514\" style=\"width: 418px\" class=\"wp-caption alignnone\"><img loading=\"lazy\" class=\"wp-image-2514 size-full\" src=\"https:\/\/www.janmikulecky.com\/wp-content\/uploads\/2018\/09\/Jan_Mikulecky_Letnany_Popelnice.png\" alt=\"Autor: Jan Mikulecky, zastupitel Let\u0148any\" width=\"418\" height=\"341\"><figcaption id=\"caption-attachment-2514\" class=\"wp-caption-text\">Autor: Jan Mikulecky, zastupitel Let\u0148any<\/figcaption><\/figure>\n","protected":false},"excerpt":{"rendered":"<p>Val Malkovsk\u00e9ho byl v posledn\u00edch t\u00fddnech p\u0159edm\u011btem zaj\u00edmav\u00fdch diskus\u00ed. \u0158ada ob\u010dan\u016f se vyjad\u0159ovala pro zachov\u00e1n\u00ed valu, jin\u00ed zase pro mo\u017en\u00e9 parkovi\u0161t\u011b. Jedin\u00e1 skute\u010dn\u011b transparentn\u00ed mo\u017enost, jak vybrat budouc\u00ed variantu, je&nbsp;Referendum Malkovsk\u00e9ho 2014.<\/p>\n","protected":false},"author":1,"featured_media":0,"comment_status":"closed","ping_status":"closed","sticky":false,"template":"","format":"standard","meta":[],"categories":[16],"tags":[],"_links":{"self":[{"href":"https:\/\/www.jan-mikulecky.cz\/index.php\/wp-json\/wp\/v2\/posts\/725"}],"collection":[{"href":"https:\/\/www.jan-mikulecky.cz\/index.php\/wp-json\/wp\/v2\/posts"}],"about":[{"href":"https:\/\/www.jan-mikulecky.cz\/index.php\/wp-json\/wp\/v2\/types\/post"}],"author":[{"embeddable":true,"href":"https:\/\/www.jan-mikulecky.cz\/index.php\/wp-json\/wp\/v2\/users\/1"}],"replies":[{"embeddable":true,"href":"https:\/\/www.jan-mikulecky.cz\/index.php\/wp-json\/wp\/v2\/comments?post=725"}],"version-history":[{"count":1,"href":"https:\/\/www.jan-mikulecky.cz\/index.php\/wp-json\/wp\/v2\/posts\/725\/revisions"}],"predecessor-version":[{"id":2792,"href":"https:\/\/www.jan-mikulecky.cz\/index.php\/wp-json\/wp\/v2\/posts\/725\/revisions\/2792"}],"wp:attachment":[{"href":"https:\/\/www.jan-mikulecky.cz\/index.php\/wp-json\/wp\/v2\/media?parent=725"}],"wp:term":[{"taxonomy":"category","embeddable":true,"href":"https:\/\/www.jan-mikulecky.cz\/index.php\/wp-json\/wp\/v2\/categories?post=725"},{"taxonomy":"post_tag","embeddable":true,"href":"https:\/\/www.jan-mikulecky.cz\/index.php\/wp-json\/wp\/v2\/tags?post=725"}],"curies":[{"name":"wp","href":"https:\/\/api.w.org\/{rel}","templated":true}]}}