{"id":760,"date":"2021-02-03T17:20:51","date_gmt":"2021-02-03T17:20:51","guid":{"rendered":"http:\/\/letnanskelentilky.cz\/?p=760"},"modified":"2020-08-27T09:17:41","modified_gmt":"2020-08-27T09:17:41","slug":"senatorka-daniela-filipiova-podporila-lentilky","status":"publish","type":"post","link":"https:\/\/www.jan-mikulecky.cz\/index.php\/2021\/02\/03\/senatorka-daniela-filipiova-podporila-lentilky\/","title":{"rendered":"Sen\u00e1torka Daniela Filipiov\u00e1 podpo\u0159ila Let\u0148ansk\u00e9 lentilky"},"content":{"rendered":"<p><a href=\"http:\/\/letnanskelentilky.cz\/wp-content\/uploads\/PodporaSenatorkyFilipiove.png\" target=\"_blank\" rel=\"noopener noreferrer\"><img loading=\"lazy\" class=\"alignleft size-thumbnail wp-image-767\" title=\"PodporaSenatorkyFilipiove\" src=\"http:\/\/letnanskelentilky.cz\/wp-content\/uploads\/PodporaSenatorkyFilipiove-150x150.png\" alt=\"\" width=\"150\" height=\"150\"><\/a>Sen\u00e1torka Daniela Filipiov\u00e1 vyj\u00e1d\u0159ila podporu projektu Let\u0148ansk\u00e9 lentilky. Projekt pln\u011b respektuje hendikepovan\u00e9 a proto pan\u00ed sen\u00e1torka pln\u011b podporuje tuto velkou zm\u011bnu na s\u00eddli\u0161ti. D\u011bkujeme.<\/p>\n<p>Ke sta\u017een\u00ed:&nbsp;<a href=\"http:\/\/letnanskelentilky.cz\/wp-content\/uploads\/PodporaSenatorkyFilipiove.pdf\" target=\"_blank\" rel=\"noopener noreferrer\">Dopis sen\u00e1torky Filipiov\u00e9<\/a><\/p>\n<p><a href=\"http:\/\/letnanskelentilky.cz\/wp-content\/uploads\/PodporaSenatorkyFilipiove.pdf\" target=\"_blank\" rel=\"noopener noreferrer\"><!--more--><\/a><\/p>\n<p>Text dopisu:&nbsp;<em>Dne 10. 10.2012 jsem se sezn\u00e1mila s projektov\u00fdm z\u00e1m\u011brem &#8222;Let\u0148ansk\u00e9 lentilky&#8220;, na kter\u00fd bude M\u011bstsk\u00e1 \u010d\u00e1st Praha 18 p\u0159edkl\u00e1dat \u017e\u00e1dost o dotaci OP Praha- Konkurenceschopnost. Realizace projektu p\u0159isp\u011bje ke zkvalitn\u011bn\u00ed \u017eivota zdej\u0161\u00edch ob\u010dan\u016f, a to (p\u0159i d\u016fsledn\u00e9m uplatn\u011bn\u00ed vyhl\u00e1\u0161ky stavebn\u00edho z\u00e1kona \u010d. 398\/2009 Sb.) v\u010detn\u011b osob s omezenou schopnost\u00ed pohybu a orientace. Z tohoto pohledu pova\u017euji projekt za p\u0159\u00ednosn\u00fd a podporuji jeho realizaci.<\/em><\/p>\n","protected":false},"excerpt":{"rendered":"<p>Sen\u00e1torka Daniela Filipiov\u00e1 vyj\u00e1d\u0159ila podporu projektu Let\u0148ansk\u00e9 lentilky. Projekt pln\u011b respektuje hendikepovan\u00e9 a proto pan\u00ed sen\u00e1torka pln\u011b podporuje tuto velkou zm\u011bnu na s\u00eddli\u0161ti. D\u011bkujeme. Ke sta\u017een\u00ed:&nbsp;Dopis sen\u00e1torky Filipiov\u00e9<\/p>\n","protected":false},"author":1,"featured_media":0,"comment_status":"closed","ping_status":"closed","sticky":false,"template":"","format":"standard","meta":[],"categories":[5],"tags":[],"_links":{"self":[{"href":"https:\/\/www.jan-mikulecky.cz\/index.php\/wp-json\/wp\/v2\/posts\/760"}],"collection":[{"href":"https:\/\/www.jan-mikulecky.cz\/index.php\/wp-json\/wp\/v2\/posts"}],"about":[{"href":"https:\/\/www.jan-mikulecky.cz\/index.php\/wp-json\/wp\/v2\/types\/post"}],"author":[{"embeddable":true,"href":"https:\/\/www.jan-mikulecky.cz\/index.php\/wp-json\/wp\/v2\/users\/1"}],"replies":[{"embeddable":true,"href":"https:\/\/www.jan-mikulecky.cz\/index.php\/wp-json\/wp\/v2\/comments?post=760"}],"version-history":[{"count":1,"href":"https:\/\/www.jan-mikulecky.cz\/index.php\/wp-json\/wp\/v2\/posts\/760\/revisions"}],"predecessor-version":[{"id":2790,"href":"https:\/\/www.jan-mikulecky.cz\/index.php\/wp-json\/wp\/v2\/posts\/760\/revisions\/2790"}],"wp:attachment":[{"href":"https:\/\/www.jan-mikulecky.cz\/index.php\/wp-json\/wp\/v2\/media?parent=760"}],"wp:term":[{"taxonomy":"category","embeddable":true,"href":"https:\/\/www.jan-mikulecky.cz\/index.php\/wp-json\/wp\/v2\/categories?post=760"},{"taxonomy":"post_tag","embeddable":true,"href":"https:\/\/www.jan-mikulecky.cz\/index.php\/wp-json\/wp\/v2\/tags?post=760"}],"curies":[{"name":"wp","href":"https:\/\/api.w.org\/{rel}","templated":true}]}}