{"id":774,"date":"2021-02-05T23:06:41","date_gmt":"2021-02-05T23:06:41","guid":{"rendered":"http:\/\/letnanskelentilky.cz\/?p=774"},"modified":"2020-08-27T09:18:28","modified_gmt":"2020-08-27T09:18:28","slug":"vsechny-pozemky-pro-lentilky-e1-3-jsou-ve-sprave-mc-praha-18","status":"publish","type":"post","link":"https:\/\/www.jan-mikulecky.cz\/index.php\/2021\/02\/05\/vsechny-pozemky-pro-lentilky-e1-3-jsou-ve-sprave-mc-praha-18\/","title":{"rendered":"V\u0161echny pozemky pro Lentilky E1-3 jsou ve spr\u00e1v\u011b M\u010c Praha 18"},"content":{"rendered":"<p>Dne 15\/8\/2012 byly podeps\u00e1ny n\u00e1jemn\u00ed smlouvy se spole\u010dnost\u00ed CPI Byty, a.s. M\u010c Praha 18 m\u00e1 nyn\u00ed ve spr\u00e1v\u011b v\u0161echny pozemky, kter\u00e9 jsou v rozsahu projektu Let\u0148ansk\u00fdch lentilek. N\u00e1jem je smluven na dobu 20ti let za symbolickou 1 K\u010d\/rok. V&nbsp;dal\u0161\u00edch letech budou pozemky postupn\u011b za minim\u00e1ln\u00edmi n\u00e1klady p\u0159ev\u00e1d\u011bny do vlastnictv\u00ed obce. Proces p\u0159evodu je slo\u017eit\u00fd zejm\u00e9na d\u00edky mnoha v\u011bcn\u00fdm b\u0159emen\u016fm, kter\u00e1 vypl\u00fdvaj\u00ed ze slo\u017eit\u00e9 podzemn\u00ed infrastruktury na s\u00eddli\u0161ti.<\/p>\n<p><!--more--><\/p>\n<p>Sou\u010dasn\u011b je pronajat\u00fd pozemek spole\u010dnosti Tereos TTD, v\u00edce <a title=\"Dohoda o pozemku 789\/4\" href=\"http:\/\/letnanskelentilky.cz\/dohoda-o-pozemku-7894\/\">zde<\/a>. Brzy bude tak\u00e9 uzav\u0159ena n\u00e1jemn\u00ed smlouva na pozemek 757\/5, kter\u00fd je ve vlastnictv\u00ed spole\u010dnosti Avia, a.s.<\/p>\n<p>Pro pot\u0159eby dota\u010dn\u00ed \u017e\u00e1dosti m\u00e1 do\u010dasn\u011b M\u010c Praha 18 pronajat\u00e9 tak\u00e9 pozemky p\u0159ilehl\u00e9 k&nbsp;dom\u016fm, kter\u00e9 jsou ve vlastnictv\u00ed SVJ nebo CPI, a nebo jsou p\u0159edm\u011btem budouc\u00edch smluv mezi SVJ a CPI. <strong>Tyto pozemky jsou pronajat\u00e9 pouze na dobu ur\u010ditou, kter\u00e1 kon\u010d\u00ed dnem p\u0159evodu pozemku z&nbsp;CPI na SVJ<\/strong>, maxim\u00e1ln\u011b v\u0161ak do r. 2019 (5 let po dokon\u010den\u00ed realizace projektu). Uzav\u0159en\u00e9 smlouvy o smlouv\u011b budouc\u00ed mezi SVJ a CPI nejsou t\u00edmto do\u010dasn\u00fdm pron\u00e1jmem nijak dot\u010deny. V\u00edce informac\u00ed je uvedeno v&nbsp;<a title=\"Pro SVJ\" href=\"http:\/\/letnanskelentilky.cz\/svj\/\">sekci pro SVJ<\/a>.<\/p>\n<p>Spr\u00e1va zelen\u011b a \u00fadr\u017eba pozemk\u016f je nyn\u00ed pln\u011b ve spr\u00e1v\u011b obce. V&nbsp;p\u0159\u00edpad\u011b koment\u00e1\u0159\u016f ke stavu zelen\u011b, p\u0159\u00edpadn\u011b k&nbsp;nepo\u0159\u00e1dku se mohou ob\u010dan\u00e9 obracet na Odbor spr\u00e1vy hospod\u00e1\u0159sk\u00e9ho majetku M\u010c Praha 18, kontakt <a href=\"http:\/\/www.letnany.cz\/telefonni-seznam.php\" target=\"_blank\" rel=\"noopener noreferrer\">zde<\/a>.<\/p>\n","protected":false},"excerpt":{"rendered":"<p>Dne 15\/8\/2012 byly podeps\u00e1ny n\u00e1jemn\u00ed smlouvy se spole\u010dnost\u00ed CPI Byty, a.s. M\u010c Praha 18 m\u00e1 nyn\u00ed ve spr\u00e1v\u011b v\u0161echny pozemky, kter\u00e9 jsou v rozsahu projektu Let\u0148ansk\u00fdch lentilek. N\u00e1jem je smluven na dobu 20ti let za symbolickou 1 K\u010d\/rok. V&nbsp;dal\u0161\u00edch letech budou pozemky postupn\u011b za minim\u00e1ln\u00edmi n\u00e1klady p\u0159ev\u00e1d\u011bny do vlastnictv\u00ed obce. Proces p\u0159evodu je slo\u017eit\u00fd zejm\u00e9na &hellip; <\/p>\n<p class=\"link-more\"><a href=\"https:\/\/www.jan-mikulecky.cz\/index.php\/2021\/02\/05\/vsechny-pozemky-pro-lentilky-e1-3-jsou-ve-sprave-mc-praha-18\/\" class=\"more-link\">Pokra\u010dovat ve \u010dten\u00ed<span class=\"screen-reader-text\"> &#8222;V\u0161echny pozemky pro Lentilky E1-3 jsou ve spr\u00e1v\u011b M\u010c Praha 18&#8220;<\/span><\/a><\/p>\n","protected":false},"author":1,"featured_media":0,"comment_status":"closed","ping_status":"closed","sticky":false,"template":"","format":"standard","meta":[],"categories":[5],"tags":[],"_links":{"self":[{"href":"https:\/\/www.jan-mikulecky.cz\/index.php\/wp-json\/wp\/v2\/posts\/774"}],"collection":[{"href":"https:\/\/www.jan-mikulecky.cz\/index.php\/wp-json\/wp\/v2\/posts"}],"about":[{"href":"https:\/\/www.jan-mikulecky.cz\/index.php\/wp-json\/wp\/v2\/types\/post"}],"author":[{"embeddable":true,"href":"https:\/\/www.jan-mikulecky.cz\/index.php\/wp-json\/wp\/v2\/users\/1"}],"replies":[{"embeddable":true,"href":"https:\/\/www.jan-mikulecky.cz\/index.php\/wp-json\/wp\/v2\/comments?post=774"}],"version-history":[{"count":1,"href":"https:\/\/www.jan-mikulecky.cz\/index.php\/wp-json\/wp\/v2\/posts\/774\/revisions"}],"predecessor-version":[{"id":2791,"href":"https:\/\/www.jan-mikulecky.cz\/index.php\/wp-json\/wp\/v2\/posts\/774\/revisions\/2791"}],"wp:attachment":[{"href":"https:\/\/www.jan-mikulecky.cz\/index.php\/wp-json\/wp\/v2\/media?parent=774"}],"wp:term":[{"taxonomy":"category","embeddable":true,"href":"https:\/\/www.jan-mikulecky.cz\/index.php\/wp-json\/wp\/v2\/categories?post=774"},{"taxonomy":"post_tag","embeddable":true,"href":"https:\/\/www.jan-mikulecky.cz\/index.php\/wp-json\/wp\/v2\/tags?post=774"}],"curies":[{"name":"wp","href":"https:\/\/api.w.org\/{rel}","templated":true}]}}