{"id":815,"date":"2021-01-28T19:17:58","date_gmt":"2021-01-28T19:17:58","guid":{"rendered":"http:\/\/letnanskelentilky.cz\/?p=815"},"modified":"2020-08-27T09:16:31","modified_gmt":"2020-08-27T09:16:31","slug":"lentilky-soutezi-o-dotaci","status":"publish","type":"post","link":"https:\/\/www.jan-mikulecky.cz\/index.php\/2021\/01\/28\/lentilky-soutezi-o-dotaci\/","title":{"rendered":"Lentilky sout\u011b\u017e\u00ed o dotaci"},"content":{"rendered":"<p>Zastupitelstvo M\u010c Praha 18 schv\u00e1lilo 28\/11\/2012 pod\u00e1n\u00ed \u017e\u00e1dosti o dotace pro projekt Let\u0148ansk\u00e9 lentilky. N\u00e1sledn\u011b byla \u017e\u00e1dost pod\u00e1na v r\u00e1mci v\u00fdzvy Opera\u010dn\u00edho programu Praha Konkurenceschopnost, oblast podpory 2.1. V\u00fdsledky v\u00fdzvy budou zn\u00e1my ve 2. \u010dtvrtlet\u00ed roku 2013.<\/p>\n<p><!--more-->Celkem bylo p\u0159edlo\u017eeno 25 projekt\u016f s celkovou po\u017eadovanou dotac\u00ed 436 mil. K\u010d. Pr\u016fm\u011brn\u00e1 velikost dotace je 17,4 mil. K\u010d. Rozpo\u010det v\u00fdzvy je 170 mil. K\u010d. Pravd\u011bpodobnost z\u00edsk\u00e1n\u00ed dotace pro Lentilky nelze p\u0159edj\u00edmat, nicm\u00e9n\u011b projekt je velmi kvalitn\u011b zpracov\u00e1n a MHMP potvrdil, \u017ee \u017e\u00e1dost byla po form\u00e1ln\u00ed str\u00e1nce bez chyby.<\/p>\n<p>V\u00fdsledek bude zn\u00e1m za p\u00e1r m\u011bs\u00edc\u016f. Projekt je p\u0159ipraven i pro variantu bez dotac\u00ed.<\/p>\n<p><a title=\"V\u00fdsledky v\u00fdzev OPPK 2.1\" href=\"http:\/\/letnanskelentilky.cz\/wp-content\/uploads\/VysledkyVyzev21.pdf\" target=\"_blank\" rel=\"noopener noreferrer\">V\u00fdsledky v\u00fdzev OPPK 2.1<\/a><\/p>\n","protected":false},"excerpt":{"rendered":"<p>Zastupitelstvo M\u010c Praha 18 schv\u00e1lilo 28\/11\/2012 pod\u00e1n\u00ed \u017e\u00e1dosti o dotace pro projekt Let\u0148ansk\u00e9 lentilky. N\u00e1sledn\u011b byla \u017e\u00e1dost pod\u00e1na v r\u00e1mci v\u00fdzvy Opera\u010dn\u00edho programu Praha Konkurenceschopnost, oblast podpory 2.1. V\u00fdsledky v\u00fdzvy budou zn\u00e1my ve 2. \u010dtvrtlet\u00ed roku 2013.<\/p>\n","protected":false},"author":1,"featured_media":0,"comment_status":"closed","ping_status":"closed","sticky":false,"template":"","format":"standard","meta":[],"categories":[5],"tags":[],"_links":{"self":[{"href":"https:\/\/www.jan-mikulecky.cz\/index.php\/wp-json\/wp\/v2\/posts\/815"}],"collection":[{"href":"https:\/\/www.jan-mikulecky.cz\/index.php\/wp-json\/wp\/v2\/posts"}],"about":[{"href":"https:\/\/www.jan-mikulecky.cz\/index.php\/wp-json\/wp\/v2\/types\/post"}],"author":[{"embeddable":true,"href":"https:\/\/www.jan-mikulecky.cz\/index.php\/wp-json\/wp\/v2\/users\/1"}],"replies":[{"embeddable":true,"href":"https:\/\/www.jan-mikulecky.cz\/index.php\/wp-json\/wp\/v2\/comments?post=815"}],"version-history":[{"count":1,"href":"https:\/\/www.jan-mikulecky.cz\/index.php\/wp-json\/wp\/v2\/posts\/815\/revisions"}],"predecessor-version":[{"id":2787,"href":"https:\/\/www.jan-mikulecky.cz\/index.php\/wp-json\/wp\/v2\/posts\/815\/revisions\/2787"}],"wp:attachment":[{"href":"https:\/\/www.jan-mikulecky.cz\/index.php\/wp-json\/wp\/v2\/media?parent=815"}],"wp:term":[{"taxonomy":"category","embeddable":true,"href":"https:\/\/www.jan-mikulecky.cz\/index.php\/wp-json\/wp\/v2\/categories?post=815"},{"taxonomy":"post_tag","embeddable":true,"href":"https:\/\/www.jan-mikulecky.cz\/index.php\/wp-json\/wp\/v2\/tags?post=815"}],"curies":[{"name":"wp","href":"https:\/\/api.w.org\/{rel}","templated":true}]}}