{"id":822,"date":"2021-01-24T19:47:36","date_gmt":"2021-01-24T19:47:36","guid":{"rendered":"http:\/\/letnanskelentilky.cz\/?p=822"},"modified":"2020-08-27T09:15:53","modified_gmt":"2020-08-27T09:15:53","slug":"seminar-o-revitalizaci-pro-zastupce-svj","status":"publish","type":"post","link":"https:\/\/www.jan-mikulecky.cz\/index.php\/2021\/01\/24\/seminar-o-revitalizaci-pro-zastupce-svj\/","title":{"rendered":"Semin\u00e1\u0159 o revitalizaci pro z\u00e1stupce SVJ"},"content":{"rendered":"<p><a href=\"http:\/\/letnanskelentilky.cz\/wp-content\/uploads\/IMG_0999.jpg\"><img loading=\"lazy\" class=\"alignleft size-thumbnail wp-image-824\" title=\"IMG_0999\" src=\"http:\/\/letnanskelentilky.cz\/wp-content\/uploads\/IMG_0999-150x150.jpg\" alt=\"\" width=\"150\" height=\"150\"><\/a>V \u00fanoru 2012 prob\u011bhl semin\u00e1\u0159 o revitalizac\u00edch panelov\u00fdch dom\u016f. Zku\u0161en\u00ed \u010dlenov\u00e9 v\u00fdbor\u016f SVJ sezn\u00e1mili sv\u00e9 kolegy s&nbsp;ji\u017e prob\u011bhl\u00fdmi rekonstrukcemi dom\u016f.&nbsp;Radn\u00ed za regeneraci s\u00eddli\u0161t\u011b Jan Mikuleck\u00fd potvrdil, \u017ee obnova dom\u016f na s\u00eddli\u0161ti m\u00e1 od radnice velkou podporu zejm\u00e9na v kontextu s projektem Let\u0148ansk\u00e9 lentilky.<\/p>\n<p><!--more-->V posledn\u00edch letech se \u0159ada bytov\u00fdch dom\u016f na s\u00eddli\u0161ti do\u010dkala nov\u00fdch v\u00fdtah\u016f a zateplen\u00ed. Rekonstrukce dom\u016f by nebyla mo\u017en\u00e1 bez nasazen\u00ed lid\u00ed, kter\u00fdm nen\u00ed jedno, v&nbsp;jak\u00e9m prost\u0159ed\u00ed bydl\u00ed a sna\u017e\u00ed se to zm\u011bnit. Tito lid\u00e9, zpravidla \u010dlenov\u00e9 v\u00fdbor\u016f SVJ, p\u0159ipravili semin\u00e1\u0159 pro v\u0161echny, kte\u0159\u00ed se na revitalizaci chystaj\u00ed a sb\u00edraj\u00ed \u00favodn\u00ed informace. Rady t\u011bch zku\u0161en\u011bj\u0161\u00edch se t\u00fdkaly zejm\u00e9na financov\u00e1n\u00ed, dota\u010dn\u00edch program\u016f a v\u00fdb\u011brov\u00fdch \u0159\u00edzen\u00ed, nicm\u00e9n\u011b diskutovali se dal\u0161\u00ed ot\u00e1zky v\u010detn\u011b p\u0159\u00edpravy shrom\u00e1\u017ed\u011bn\u00ed SVJ, stavebn\u00edho dozoru apod.<\/p>\n<p>Proto\u017ee z\u00e1jem o revitalizaci dom\u016f je obrovsk\u00fd a st\u00e1le je t\u00e9m\u011b\u0159 polovina dom\u016f na s\u00eddli\u0161ti s&nbsp;p\u016fvodn\u00ed fas\u00e1dou, prob\u011bhne v&nbsp;b\u0159eznu semin\u00e1\u0159 znovu, aby se i nov\u00ed a zat\u00edm nerozhodnut\u00ed p\u0159edstavitel\u00e9 SVJ mohli sezn\u00e1mit se zku\u0161enostmi sv\u00fdch koleg\u016f.<\/p>\n<p><strong>Pozv\u00e1nka na semin\u00e1\u0159 o revitalizaci<\/strong><\/p>\n<p>Na semin\u00e1\u0159i se m\u016f\u017eete setkat s t\u011bmi z\u00e1stupci SVJ, kte\u0159\u00ed cel\u00fdm procesem pro\u0161li a porad\u00ed v\u00e1m:<\/p>\n<p>&#8211;&nbsp;&nbsp;&nbsp;&nbsp;&nbsp;&nbsp;&nbsp;&nbsp;&nbsp; jak projekt financovat (konkr\u00e9tn\u00ed p\u0159\u00edpad hotov\u00e9ho let\u0148ansk\u00e9ho panel\u00e1ku)<br \/>\n&#8211;&nbsp;&nbsp;&nbsp;&nbsp;&nbsp;&nbsp;&nbsp;&nbsp;&nbsp; jak\u00e9 firmy vybrat<br \/>\n&#8211;&nbsp;&nbsp;&nbsp;&nbsp;&nbsp;&nbsp;&nbsp;&nbsp;&nbsp; jak\u00e9 ot\u00e1zky padaj\u00ed na shrom\u00e1\u017ed\u011bn\u00edch vlastn\u00edk\u016f<br \/>\n&#8211;&nbsp;&nbsp;&nbsp;&nbsp;&nbsp;&nbsp;&nbsp;&nbsp;&nbsp; co lze a jak revitalizovat<br \/>\n&#8211;&nbsp;&nbsp;&nbsp;&nbsp;&nbsp;&nbsp;&nbsp;&nbsp;&nbsp; jak z\u00edskat dotace<\/p>\n<p>Na semin\u00e1\u0159i bude tak\u00e9 p\u0159\u00edle\u017eitost dozv\u011bd\u011bt se novinky o projektu Let\u0148ansk\u00e9 lentilky.<\/p>\n<p>Datum semin\u00e1\u0159e: <strong>5\/3\/2013 &nbsp;18,00 \u2013 21,00<\/strong><\/p>\n<p>M\u00edsto: <strong>ob\u0159adn\u00ed m\u00edstnost M\u010c Praha Let\u0148any<\/strong><\/p>\n","protected":false},"excerpt":{"rendered":"<p>V \u00fanoru 2012 prob\u011bhl semin\u00e1\u0159 o revitalizac\u00edch panelov\u00fdch dom\u016f. Zku\u0161en\u00ed \u010dlenov\u00e9 v\u00fdbor\u016f SVJ sezn\u00e1mili sv\u00e9 kolegy s&nbsp;ji\u017e prob\u011bhl\u00fdmi rekonstrukcemi dom\u016f.&nbsp;Radn\u00ed za regeneraci s\u00eddli\u0161t\u011b Jan Mikuleck\u00fd potvrdil, \u017ee obnova dom\u016f na s\u00eddli\u0161ti m\u00e1 od radnice velkou podporu zejm\u00e9na v kontextu s projektem Let\u0148ansk\u00e9 lentilky.<\/p>\n","protected":false},"author":1,"featured_media":0,"comment_status":"closed","ping_status":"closed","sticky":false,"template":"","format":"standard","meta":[],"categories":[5],"tags":[],"_links":{"self":[{"href":"https:\/\/www.jan-mikulecky.cz\/index.php\/wp-json\/wp\/v2\/posts\/822"}],"collection":[{"href":"https:\/\/www.jan-mikulecky.cz\/index.php\/wp-json\/wp\/v2\/posts"}],"about":[{"href":"https:\/\/www.jan-mikulecky.cz\/index.php\/wp-json\/wp\/v2\/types\/post"}],"author":[{"embeddable":true,"href":"https:\/\/www.jan-mikulecky.cz\/index.php\/wp-json\/wp\/v2\/users\/1"}],"replies":[{"embeddable":true,"href":"https:\/\/www.jan-mikulecky.cz\/index.php\/wp-json\/wp\/v2\/comments?post=822"}],"version-history":[{"count":1,"href":"https:\/\/www.jan-mikulecky.cz\/index.php\/wp-json\/wp\/v2\/posts\/822\/revisions"}],"predecessor-version":[{"id":2785,"href":"https:\/\/www.jan-mikulecky.cz\/index.php\/wp-json\/wp\/v2\/posts\/822\/revisions\/2785"}],"wp:attachment":[{"href":"https:\/\/www.jan-mikulecky.cz\/index.php\/wp-json\/wp\/v2\/media?parent=822"}],"wp:term":[{"taxonomy":"category","embeddable":true,"href":"https:\/\/www.jan-mikulecky.cz\/index.php\/wp-json\/wp\/v2\/categories?post=822"},{"taxonomy":"post_tag","embeddable":true,"href":"https:\/\/www.jan-mikulecky.cz\/index.php\/wp-json\/wp\/v2\/tags?post=822"}],"curies":[{"name":"wp","href":"https:\/\/api.w.org\/{rel}","templated":true}]}}