{"id":834,"date":"2021-01-26T10:56:02","date_gmt":"2021-01-26T10:56:02","guid":{"rendered":"http:\/\/letnanskelentilky.cz\/?p=834"},"modified":"2020-08-27T09:16:11","modified_gmt":"2020-08-27T09:16:11","slug":"podekovani-zastupcum-svj","status":"publish","type":"post","link":"https:\/\/www.jan-mikulecky.cz\/index.php\/2021\/01\/26\/podekovani-zastupcum-svj\/","title":{"rendered":"Pod\u011bkov\u00e1n\u00ed z\u00e1stupc\u016fm SVJ"},"content":{"rendered":"<p><a href=\"http:\/\/letnanskelentilky.cz\/wp-content\/uploads\/Podekovani2013.jpg\"><img loading=\"lazy\" class=\"alignleft  wp-image-837\" title=\"2013 Silhouette with Polka Dots\" src=\"http:\/\/letnanskelentilky.cz\/wp-content\/uploads\/Podekovani2013.jpg\" alt=\"\" width=\"169\" height=\"101\"><\/a>V\u00e1\u017een\u00ed z\u00e1stupci SVJ,&nbsp;v pr\u016fb\u011bhu posledn\u00edch t\u0159\u00ed let se let\u0148ansk\u00e9 s\u00eddli\u0161t\u011b v\u00fdrazn\u011b zm\u011bnilo. \u0158ada dom\u016f se obl\u00e9kla do nov\u00e9 fas\u00e1dy, maj\u00ed nov\u00e9 v\u00fdtahy a nov\u00e1 okna \u0161et\u0159\u00ed spot\u0159ebu energie. Nic z toho by nebylo mo\u017en\u00e9 bez va\u0161eho \u00fasil\u00ed \u2013 rekonstrukce dom\u016f je pr\u00e1ce n\u00e1ro\u010dn\u00e1 a slo\u017eit\u00e1 a v&nbsp;mnoha ohledech nedoceniteln\u00e1. D\u00edky v\u00e1m jsou v\u0161ak Let\u0148any ka\u017ed\u00fdm rokem atraktivn\u011bj\u0161\u00ed a modern\u011bj\u0161\u00ed.<\/p>\n<p><!--more-->Radnice M\u010c Praha 18 intenzivn\u011b pracuje na projektu Let\u0148ansk\u00e9 lentilky, kter\u00fd na podzim z\u00edskal \u00fazemn\u00ed rozhodnut\u00ed. Z\u00e1rove\u0148 byla pod\u00e1na \u017e\u00e1dost o dotace a v p\u0159\u00edpad\u011b kladn\u00e9ho vy\u0159\u00edzen\u00ed budeme m\u00edt v roce 2014 z velk\u00e9 \u010d\u00e1sti nov\u00e9 s\u00eddli\u0161t\u011b. V pl\u00e1nu je tak\u00e9 roz\u0161\u00ed\u0159en\u00ed Lentilek a\u017e k ulic\u00edm Fry\u010dovick\u00e1 a R\u00fdma\u0159ovsk\u00e1.<\/p>\n<p>R\u00e1d bych touto cestou pod\u011bkoval v\u00e1m v\u0161em, bez kter\u00fdch by Let\u0148any nem\u011bly tolik dom\u016f s nov\u00fdm vzhledem. Va\u0161e pr\u00e1ce v roli z\u00e1stupc\u016f SVJ je obrovsk\u00fdm p\u0159\u00ednosem pro obnovu na\u0161eho s\u00eddli\u0161t\u011b. P\u0159eji v\u00e1m do roku 2013 hodn\u011b pohody, \u0161t\u011bst\u00ed a energie.<\/p>\n<p><strong>Ond\u0159ej Ln\u011bn\u00ed\u010dka,&nbsp;<\/strong>starosta M\u010c<br \/>\n<strong>Ivan Kabick\u00fd<\/strong>, radn\u00ed M\u010c a n\u00e1m\u011bstek prim\u00e1tora HMP<br \/>\n<strong>Jan Mikuleck\u00fd,<\/strong>&nbsp;radn\u00ed M\u010c pro regeneraci s\u00eddli\u0161t\u011b a \u017eivotn\u00ed prost\u0159ed\u00ed<\/p>\n","protected":false},"excerpt":{"rendered":"<p>V\u00e1\u017een\u00ed z\u00e1stupci SVJ,&nbsp;v pr\u016fb\u011bhu posledn\u00edch t\u0159\u00ed let se let\u0148ansk\u00e9 s\u00eddli\u0161t\u011b v\u00fdrazn\u011b zm\u011bnilo. \u0158ada dom\u016f se obl\u00e9kla do nov\u00e9 fas\u00e1dy, maj\u00ed nov\u00e9 v\u00fdtahy a nov\u00e1 okna \u0161et\u0159\u00ed spot\u0159ebu energie. Nic z toho by nebylo mo\u017en\u00e9 bez va\u0161eho \u00fasil\u00ed \u2013 rekonstrukce dom\u016f je pr\u00e1ce n\u00e1ro\u010dn\u00e1 a slo\u017eit\u00e1 a v&nbsp;mnoha ohledech nedoceniteln\u00e1. D\u00edky v\u00e1m jsou v\u0161ak Let\u0148any ka\u017ed\u00fdm &hellip; <\/p>\n<p class=\"link-more\"><a href=\"https:\/\/www.jan-mikulecky.cz\/index.php\/2021\/01\/26\/podekovani-zastupcum-svj\/\" class=\"more-link\">Pokra\u010dovat ve \u010dten\u00ed<span class=\"screen-reader-text\"> &#8222;Pod\u011bkov\u00e1n\u00ed z\u00e1stupc\u016fm SVJ&#8220;<\/span><\/a><\/p>\n","protected":false},"author":1,"featured_media":0,"comment_status":"closed","ping_status":"closed","sticky":false,"template":"","format":"standard","meta":[],"categories":[5],"tags":[],"_links":{"self":[{"href":"https:\/\/www.jan-mikulecky.cz\/index.php\/wp-json\/wp\/v2\/posts\/834"}],"collection":[{"href":"https:\/\/www.jan-mikulecky.cz\/index.php\/wp-json\/wp\/v2\/posts"}],"about":[{"href":"https:\/\/www.jan-mikulecky.cz\/index.php\/wp-json\/wp\/v2\/types\/post"}],"author":[{"embeddable":true,"href":"https:\/\/www.jan-mikulecky.cz\/index.php\/wp-json\/wp\/v2\/users\/1"}],"replies":[{"embeddable":true,"href":"https:\/\/www.jan-mikulecky.cz\/index.php\/wp-json\/wp\/v2\/comments?post=834"}],"version-history":[{"count":1,"href":"https:\/\/www.jan-mikulecky.cz\/index.php\/wp-json\/wp\/v2\/posts\/834\/revisions"}],"predecessor-version":[{"id":2786,"href":"https:\/\/www.jan-mikulecky.cz\/index.php\/wp-json\/wp\/v2\/posts\/834\/revisions\/2786"}],"wp:attachment":[{"href":"https:\/\/www.jan-mikulecky.cz\/index.php\/wp-json\/wp\/v2\/media?parent=834"}],"wp:term":[{"taxonomy":"category","embeddable":true,"href":"https:\/\/www.jan-mikulecky.cz\/index.php\/wp-json\/wp\/v2\/categories?post=834"},{"taxonomy":"post_tag","embeddable":true,"href":"https:\/\/www.jan-mikulecky.cz\/index.php\/wp-json\/wp\/v2\/tags?post=834"}],"curies":[{"name":"wp","href":"https:\/\/api.w.org\/{rel}","templated":true}]}}