{"id":853,"date":"2021-02-21T17:11:38","date_gmt":"2021-02-21T17:11:38","guid":{"rendered":"http:\/\/letnanskelentilky.cz\/?p=853"},"modified":"2020-08-27T09:21:00","modified_gmt":"2020-08-27T09:21:00","slug":"dennik-metro-napsal-o-lentilkach","status":"publish","type":"post","link":"https:\/\/www.jan-mikulecky.cz\/index.php\/2021\/02\/21\/dennik-metro-napsal-o-lentilkach\/","title":{"rendered":"Denn\u00edk metro napsal o Lentilk\u00e1ch"},"content":{"rendered":"<p><a href=\"http:\/\/www.metro.cz\/letnanske-sidliste-by-mohly-ozdobit-jiz-za-rok-prvni-lentilky-pb3-\/co-se-deje.aspx?c=A120802_113522_co-se-deje_ava\"><img loading=\"lazy\" class=\"alignleft size-full wp-image-859\" title=\"logo\" src=\"http:\/\/letnanskelentilky.cz\/wp-content\/uploads\/logo1-e1359040861510.png\" alt=\"\" width=\"150\" height=\"83\"><\/a>Denn\u00edk metro ve sv\u00e9m vyd\u00e1n\u00ed ze dne 2\/8\/2012 napsal o projektu Let\u0148ansk\u00fdch lentilek.<\/p>\n<p>\u010cl\u00e1nek je um\u00edsten <a href=\"http:\/\/www.metro.cz\/letnanske-sidliste-by-mohly-ozdobit-jiz-za-rok-prvni-lentilky-pb3-\/co-se-deje.aspx?c=A120802_113522_co-se-deje_ava\" target=\"_blank\" rel=\"noopener noreferrer\">zde<\/a>.<\/p>\n","protected":false},"excerpt":{"rendered":"<p>Denn\u00edk metro ve sv\u00e9m vyd\u00e1n\u00ed ze dne 2\/8\/2012 napsal o projektu Let\u0148ansk\u00fdch lentilek. \u010cl\u00e1nek je um\u00edsten zde.<\/p>\n","protected":false},"author":1,"featured_media":0,"comment_status":"closed","ping_status":"closed","sticky":false,"template":"","format":"standard","meta":[],"categories":[9,5],"tags":[],"_links":{"self":[{"href":"https:\/\/www.jan-mikulecky.cz\/index.php\/wp-json\/wp\/v2\/posts\/853"}],"collection":[{"href":"https:\/\/www.jan-mikulecky.cz\/index.php\/wp-json\/wp\/v2\/posts"}],"about":[{"href":"https:\/\/www.jan-mikulecky.cz\/index.php\/wp-json\/wp\/v2\/types\/post"}],"author":[{"embeddable":true,"href":"https:\/\/www.jan-mikulecky.cz\/index.php\/wp-json\/wp\/v2\/users\/1"}],"replies":[{"embeddable":true,"href":"https:\/\/www.jan-mikulecky.cz\/index.php\/wp-json\/wp\/v2\/comments?post=853"}],"version-history":[{"count":1,"href":"https:\/\/www.jan-mikulecky.cz\/index.php\/wp-json\/wp\/v2\/posts\/853\/revisions"}],"predecessor-version":[{"id":2799,"href":"https:\/\/www.jan-mikulecky.cz\/index.php\/wp-json\/wp\/v2\/posts\/853\/revisions\/2799"}],"wp:attachment":[{"href":"https:\/\/www.jan-mikulecky.cz\/index.php\/wp-json\/wp\/v2\/media?parent=853"}],"wp:term":[{"taxonomy":"category","embeddable":true,"href":"https:\/\/www.jan-mikulecky.cz\/index.php\/wp-json\/wp\/v2\/categories?post=853"},{"taxonomy":"post_tag","embeddable":true,"href":"https:\/\/www.jan-mikulecky.cz\/index.php\/wp-json\/wp\/v2\/tags?post=853"}],"curies":[{"name":"wp","href":"https:\/\/api.w.org\/{rel}","templated":true}]}}