{"id":868,"date":"2021-01-18T13:14:01","date_gmt":"2021-01-18T13:14:01","guid":{"rendered":"http:\/\/letnanskelentilky.cz\/?p=868"},"modified":"2020-08-27T09:15:05","modified_gmt":"2020-08-27T09:15:05","slug":"seminar-o-revitalizaci-pro-svj","status":"publish","type":"post","link":"https:\/\/www.jan-mikulecky.cz\/index.php\/2021\/01\/18\/seminar-o-revitalizaci-pro-svj\/","title":{"rendered":"Semin\u00e1\u0159 o revitalizaci pro SVJ"},"content":{"rendered":"<p><a href=\"http:\/\/letnanskelentilky.cz\/wp-content\/uploads\/Seminar-SVJ-1-120222.jpg\"><img loading=\"lazy\" class=\"alignleft size-thumbnail wp-image-85\" title=\"Seminar SVJ 1 120222\" src=\"http:\/\/letnanskelentilky.cz\/wp-content\/uploads\/Seminar-SVJ-1-120222-150x150.jpg\" alt=\"\" width=\"150\" height=\"150\"><\/a>V&nbsp;\u00fater\u00fd 5\/3\/2013 prob\u011bhl dal\u0161\u00ed semin\u00e1\u0159 o revitalizac\u00edch panelov\u00fdch dom\u016f. Zku\u0161en\u00ed \u010dlenov\u00e9 v\u00fdbor\u016f SVJ sezn\u00e1mili sv\u00e9 kolegy s&nbsp;ji\u017e prob\u011bhl\u00fdmi rekonstrukcemi dom\u016f. Pod\u011bkov\u00e1n\u00ed pat\u0159\u00ed zejm\u00e9na Nikol \u0158ehounkov\u00e9 a Radkovi Vyb\u00edralovi, kte\u0159\u00ed jsou p\u0159edsedy SVJ v&nbsp;Malkovsk\u00e9ho ulici. Radn\u00ed za regeneraci s\u00eddli\u0161t\u011b Jan Mikuleck\u00fd potvrdil, \u017ee radnice podporuje obnovu dom\u016f na cel\u00e9m Let\u0148ansk\u00e9m s\u00eddli\u0161ti.<!--more--><\/p>\n<p>Ot\u00e1zky z&nbsp;publika pokr\u00fdvaly celou problematiku revitalizace a dot\u00fdkaly se tak\u00e9 celkov\u00e9ho p\u0159\u00edstupu ke spr\u00e1v\u011b domu. Byly p\u0159edstaveny konkr\u00e9tn\u00ed p\u0159\u00edklady revitalizovan\u00fdch dom\u016f, prost\u0159ednictv\u00edm kter\u00fdch byli \u00fa\u010dastn\u00edci sezn\u00e1meni s financov\u00e1n\u00edm revitalizace, mo\u017en\u00fdmi dotacemi, jak ud\u011blat spr\u00e1vn\u011b v\u00fdb\u011brov\u00e9 \u0159\u00edzen\u00ed, na co p\u0159i stavb\u011b nezapomenout a podobn\u011b.<\/p>\n<p>V&nbsp;posledn\u00edch letech se \u0159ada bytov\u00fdch dom\u016f na s\u00eddli\u0161ti do\u010dkala nov\u00fdch v\u00fdtah\u016f a zateplen\u00ed. Tyto pr\u00e1ce by nebyly mo\u017en\u00e9 bez nasazen\u00ed lid\u00ed, kter\u00fdm nen\u00ed jedno, v&nbsp;jak\u00e9m prost\u0159ed\u00ed bydl\u00ed. V\u0161em z\u00e1stupc\u016fm SVJ, kte\u0159\u00ed maj\u00ed chu\u0165 ud\u011blat n\u011bco nov\u00e9ho na sv\u00e9m dom\u011b, pat\u0159\u00ed obrovsk\u00fd d\u00edk. Jsou to oni, kte\u0159\u00ed v\u00fdznamn\u011b p\u0159isp\u00edvaj\u00ed k&nbsp;obnov\u011b s\u00eddli\u0161t\u011b a vytvo\u0159en\u00ed kr\u00e1sn\u00e9ho prostoru pro \u017eivot.<\/p>\n<p>Dal\u0161\u00ed ot\u00e1zky t\u00fdkaj\u00edc\u00ed se revitalizace dom\u016f je mo\u017en\u00e9 sm\u011brovat tak\u00e9 na adresu <a href=\"mailto:mikulecky@letnany.cz\">mikulecky@letnany.cz<\/a>.<\/p>\n<p>Prezentace:&nbsp;<a href=\"http:\/\/letnanskelentilky.cz\/wp-content\/uploads\/Semin\u00e1\u0159-k-revitalizaci-bytov\u00fdch-dom\u016f_2013.pdf\">Semin\u00e1\u0159 k revitalizaci bytov\u00fdch dom\u016f 2013<\/a><\/p>\n","protected":false},"excerpt":{"rendered":"<p>V&nbsp;\u00fater\u00fd 5\/3\/2013 prob\u011bhl dal\u0161\u00ed semin\u00e1\u0159 o revitalizac\u00edch panelov\u00fdch dom\u016f. Zku\u0161en\u00ed \u010dlenov\u00e9 v\u00fdbor\u016f SVJ sezn\u00e1mili sv\u00e9 kolegy s&nbsp;ji\u017e prob\u011bhl\u00fdmi rekonstrukcemi dom\u016f. Pod\u011bkov\u00e1n\u00ed pat\u0159\u00ed zejm\u00e9na Nikol \u0158ehounkov\u00e9 a Radkovi Vyb\u00edralovi, kte\u0159\u00ed jsou p\u0159edsedy SVJ v&nbsp;Malkovsk\u00e9ho ulici. Radn\u00ed za regeneraci s\u00eddli\u0161t\u011b Jan Mikuleck\u00fd potvrdil, \u017ee radnice podporuje obnovu dom\u016f na cel\u00e9m Let\u0148ansk\u00e9m s\u00eddli\u0161ti.<\/p>\n","protected":false},"author":1,"featured_media":0,"comment_status":"closed","ping_status":"closed","sticky":false,"template":"","format":"standard","meta":[],"categories":[5],"tags":[],"_links":{"self":[{"href":"https:\/\/www.jan-mikulecky.cz\/index.php\/wp-json\/wp\/v2\/posts\/868"}],"collection":[{"href":"https:\/\/www.jan-mikulecky.cz\/index.php\/wp-json\/wp\/v2\/posts"}],"about":[{"href":"https:\/\/www.jan-mikulecky.cz\/index.php\/wp-json\/wp\/v2\/types\/post"}],"author":[{"embeddable":true,"href":"https:\/\/www.jan-mikulecky.cz\/index.php\/wp-json\/wp\/v2\/users\/1"}],"replies":[{"embeddable":true,"href":"https:\/\/www.jan-mikulecky.cz\/index.php\/wp-json\/wp\/v2\/comments?post=868"}],"version-history":[{"count":1,"href":"https:\/\/www.jan-mikulecky.cz\/index.php\/wp-json\/wp\/v2\/posts\/868\/revisions"}],"predecessor-version":[{"id":2783,"href":"https:\/\/www.jan-mikulecky.cz\/index.php\/wp-json\/wp\/v2\/posts\/868\/revisions\/2783"}],"wp:attachment":[{"href":"https:\/\/www.jan-mikulecky.cz\/index.php\/wp-json\/wp\/v2\/media?parent=868"}],"wp:term":[{"taxonomy":"category","embeddable":true,"href":"https:\/\/www.jan-mikulecky.cz\/index.php\/wp-json\/wp\/v2\/categories?post=868"},{"taxonomy":"post_tag","embeddable":true,"href":"https:\/\/www.jan-mikulecky.cz\/index.php\/wp-json\/wp\/v2\/tags?post=868"}],"curies":[{"name":"wp","href":"https:\/\/api.w.org\/{rel}","templated":true}]}}