{"id":880,"date":"2021-01-14T17:11:15","date_gmt":"2021-01-14T17:11:15","guid":{"rendered":"http:\/\/letnanskelentilky.cz\/?p=880"},"modified":"2020-08-27T09:14:04","modified_gmt":"2020-08-27T09:14:04","slug":"komise-rszp-moznost-ucasti-na-jednani-o-lentilkach","status":"publish","type":"post","link":"https:\/\/www.jan-mikulecky.cz\/index.php\/2021\/01\/14\/komise-rszp-moznost-ucasti-na-jednani-o-lentilkach\/","title":{"rendered":"Komise RS\u017dP: mo\u017enost \u00fa\u010dasti na jedn\u00e1n\u00ed"},"content":{"rendered":"<p>Na ka\u017ed\u00e9m jedn\u00e1n\u00ed Komise regenerace s\u00eddli\u0161t\u011b a \u017eivotn\u00edho prost\u0159ed\u00ed je diskutov\u00e1n aktu\u00e1ln\u00ed stav projektu Let\u0148ask\u00e9 lentilky. I p\u0159esto, \u017ee jedn\u00e1n\u00ed komise nen\u00ed ze z\u00e1kona ve\u0159ejn\u00e9, nab\u00edz\u00edme ob\u010dan\u016fm mo\u017enost z\u00fa\u010dastnit se a diskutovat spole\u010dn\u011b. Term\u00edny do pr\u00e1zdnin 2013 jsou p\u0159edb\u011b\u017en\u011b stanoveny na 15\/5 a 26\/6, v\u017edy v 18,00 v m\u00edstnosti 4.05 na Let\u0148ansk\u00e9 radnici.<!--more--><\/p>\n<p>V p\u0159\u00edpad\u011b, \u017ee se budete cht\u00edt z\u00fa\u010dastnit, napi\u0161t\u011b pros\u00edm s p\u0159edstihem na&nbsp;<a href=\"mailto:mikulecky@letnany.cz\">mikulecky@letnany.cz<\/a>. Term\u00edny se mohou m\u00edrn\u011b zm\u011bnit.<\/p>\n<p>Jak\u00e9koli dotazy ohledn\u011b projektu Let\u0148ansk\u00e9 lentilky m\u016f\u017eete kdykoli sm\u011b\u0159ovat na email&nbsp;<a href=\"mailto:mikulecky@letnany.cz\">mikulecky@letnany.cz<\/a>&nbsp;nebo nab\u00edz\u00edm osobn\u00ed jedn\u00e1n\u00ed na radnici, p\u0159ipadn\u011b i na shrom\u00e1\u017ed\u011bn\u00edch SVJ.<\/p>\n","protected":false},"excerpt":{"rendered":"<p>Na ka\u017ed\u00e9m jedn\u00e1n\u00ed Komise regenerace s\u00eddli\u0161t\u011b a \u017eivotn\u00edho prost\u0159ed\u00ed je diskutov\u00e1n aktu\u00e1ln\u00ed stav projektu Let\u0148ask\u00e9 lentilky. I p\u0159esto, \u017ee jedn\u00e1n\u00ed komise nen\u00ed ze z\u00e1kona ve\u0159ejn\u00e9, nab\u00edz\u00edme ob\u010dan\u016fm mo\u017enost z\u00fa\u010dastnit se a diskutovat spole\u010dn\u011b. Term\u00edny do pr\u00e1zdnin 2013 jsou p\u0159edb\u011b\u017en\u011b stanoveny na 15\/5 a 26\/6, v\u017edy v 18,00 v m\u00edstnosti 4.05 na Let\u0148ansk\u00e9 radnici.<\/p>\n","protected":false},"author":1,"featured_media":0,"comment_status":"closed","ping_status":"closed","sticky":false,"template":"","format":"standard","meta":[],"categories":[5],"tags":[],"_links":{"self":[{"href":"https:\/\/www.jan-mikulecky.cz\/index.php\/wp-json\/wp\/v2\/posts\/880"}],"collection":[{"href":"https:\/\/www.jan-mikulecky.cz\/index.php\/wp-json\/wp\/v2\/posts"}],"about":[{"href":"https:\/\/www.jan-mikulecky.cz\/index.php\/wp-json\/wp\/v2\/types\/post"}],"author":[{"embeddable":true,"href":"https:\/\/www.jan-mikulecky.cz\/index.php\/wp-json\/wp\/v2\/users\/1"}],"replies":[{"embeddable":true,"href":"https:\/\/www.jan-mikulecky.cz\/index.php\/wp-json\/wp\/v2\/comments?post=880"}],"version-history":[{"count":1,"href":"https:\/\/www.jan-mikulecky.cz\/index.php\/wp-json\/wp\/v2\/posts\/880\/revisions"}],"predecessor-version":[{"id":2780,"href":"https:\/\/www.jan-mikulecky.cz\/index.php\/wp-json\/wp\/v2\/posts\/880\/revisions\/2780"}],"wp:attachment":[{"href":"https:\/\/www.jan-mikulecky.cz\/index.php\/wp-json\/wp\/v2\/media?parent=880"}],"wp:term":[{"taxonomy":"category","embeddable":true,"href":"https:\/\/www.jan-mikulecky.cz\/index.php\/wp-json\/wp\/v2\/categories?post=880"},{"taxonomy":"post_tag","embeddable":true,"href":"https:\/\/www.jan-mikulecky.cz\/index.php\/wp-json\/wp\/v2\/tags?post=880"}],"curies":[{"name":"wp","href":"https:\/\/api.w.org\/{rel}","templated":true}]}}