{"id":886,"date":"2021-01-06T17:27:52","date_gmt":"2021-01-06T17:27:52","guid":{"rendered":"http:\/\/letnanskelentilky.cz\/?p=886"},"modified":"2020-08-27T09:12:40","modified_gmt":"2020-08-27T09:12:40","slug":"lentilky-etapa-9-hadi-stezka-frycovicka","status":"publish","type":"post","link":"https:\/\/www.jan-mikulecky.cz\/index.php\/2021\/01\/06\/lentilky-etapa-9-hadi-stezka-frycovicka\/","title":{"rendered":"Lentilky etapa 9: Had\u00ed stezka Fry\u010dovick\u00e1"},"content":{"rendered":"<p><a href=\"http:\/\/letnanskelentilky.cz\/wp-content\/uploads\/STUDIE_HADI-STEZKA-FRYCOVICKA_Page_06.jpg\"><img loading=\"lazy\" class=\"alignleft  wp-image-893\" title=\"STUDIE_HADI STEZKA FRYCOVICKA_Page_06\" src=\"http:\/\/letnanskelentilky.cz\/wp-content\/uploads\/STUDIE_HADI-STEZKA-FRYCOVICKA_Page_06-150x150.jpg\" alt=\"\" width=\"135\" height=\"135\"><\/a>Popul\u00e1rn\u00ed projekt Let\u0148ansk\u00fdch lentilek se roz\u0161\u00ed\u0159\u00ed do dal\u0161\u00ed \u010d\u00e1sti s\u00eddli\u0161t\u011b. Zat\u00edm Lentilky kon\u010dily na K\u0159ivokl\u00e1tsk\u00e9 ulici, nicm\u00e9n\u011b i dal\u0161\u00ed \u010d\u00e1sti s\u00eddli\u0161t\u011b pot\u0159ebuj\u00ed renovaci. Okol\u00ed z\u00e1kladn\u00ed \u0161koly Fry\u010dovick\u00e1 je \u010d\u00e1ste\u010dn\u011b revitalizov\u00e1no, bylo postaveno sportovn\u00ed h\u0159i\u0161t\u011b, v&nbsp;ji\u017en\u00ed \u010d\u00e1sti je velmi obl\u00edben\u00e1 ps\u00ed louka. Po prav\u00e9 stran\u011b \u0161koly se v\u0161ak nach\u00e1z\u00ed prostor, kter\u00fd nebyl po \u0159adu let udr\u017eovan\u00fd.<\/p>\n<p><!--more--><strong>Sou\u010dasn\u00fd stav<\/strong><\/p>\n<p>Renovovan\u00fd ve\u0159ejn\u00fd prostor je vymezen ze z\u00e1padn\u00ed strany vysok\u00fdm panelov\u00fdm domem a ze strany v\u00fdchodn\u00ed oplocen\u00edm z\u00e1kladn\u00ed \u0161koly Fry\u010dovick\u00e1. T\u00edmto vymezen\u00edm vznik\u00e1 zaj\u00edmav\u00e9 \u00fazem\u00ed, kde v\u00fdraznou roli hraje ter\u00e9n o d\u00e9lce p\u0159ibli\u017en\u011b 250m. Prostor je nesystematicky os\u00e1zen dnes u\u017e vzrostl\u00fdmi stromy, kter\u00e9 ale p\u016fsob\u00ed neupraven\u011b a celkov\u00e9mu vzhledu na hodnot\u011b moc nep\u0159id\u00e1vaj\u00ed. Velk\u00fdm nedostatkem je \u00fapln\u00e1 absence m\u011bstsk\u00e9ho mobili\u00e1\u0159e. Tr\u00e1va tak slou\u017e\u00ed pouze pro v\u00fdb\u011bh dom\u00e1c\u00edch mazl\u00ed\u010dk\u016f, ale neposkytuje \u017e\u00e1dn\u00e9 dal\u0161\u00ed mo\u017enosti vyu\u017eit\u00ed.<\/p>\n<p><a href=\"http:\/\/letnanskelentilky.cz\/wp-content\/uploads\/STUDIE_HADI-STEZKA-FRYCOVICKA_Page_07.jpg\"><img loading=\"lazy\" class=\"aligncenter size-large wp-image-894\" title=\"STUDIE_HADI STEZKA FRYCOVICKA_Page_07\" src=\"http:\/\/letnanskelentilky.cz\/wp-content\/uploads\/STUDIE_HADI-STEZKA-FRYCOVICKA_Page_07-1024x723.jpg\" alt=\"\" width=\"584\" height=\"412\"><\/a><\/p>\n<p><strong>O\u017eiven\u00ed \u00fazem\u00ed<\/strong><\/p>\n<p>Prvn\u00edm bodem v cest\u011b za o\u017eiven\u00edm ve\u0159ejn\u00e9ho parteru \u0161koly je renovace st\u00e1vaj\u00edc\u00edch povrch\u016f a dod\u00e1n\u00ed funk\u010dn\u00edch prvk\u016f do prostoru parku. Hlavn\u00edm motivem je vytvo\u0159en\u00ed 2 cest. Prvn\u00ed z nich tzv. \u201erychl\u00e1 cesta\u201c vznik\u00e1 na z\u00e1klad\u011b st\u00e1vaj\u00edc\u00edho chodn\u00edku, kde bude pouze vym\u011bn\u011bn povrch. Tato cesta m\u00e1 prim\u00e1rn\u011b funkci \u00fa\u010delovou. Chodn\u00edk je odli\u0161en sv\u00fdm povrchem (v\u00fdrazn\u00e1 cihlov\u00e1 dla\u017eba), tak aby p\u0159il\u00e1kal pozornost, v obrovsk\u00fdch \u0161ediv\u00fdch ploch\u00e1ch s\u00eddli\u0161t\u011b.<\/p>\n<p>Druhou cestou je tzv. \u201ehad\u00ed stezka\u201c. Ta se vln\u00ed \u00fazem\u00edm a p\u0159ekon\u00e1v\u00e1 i v\u00fdrazn\u00e9 ter\u00e9nn\u00ed nerovnosti. Stezka je my\u0161lena jako proch\u00e1zkov\u00e1 a v\u0161echny aktivity navr\u017een\u00e9 v \u00fazem\u00ed se na n\u00ed navl\u00e9kaj\u00ed jako kor\u00e1lky. Povrch cesty je ml\u00e1tov\u00fd, tzn. zpevn\u011bn\u00fd, ale st\u00e1le bl\u00edzko p\u0159\u00edrodn\u00edmu charakteru \u00fazem\u00ed. Na vhodn\u00e1 m\u00edsta bude dopln\u011bna zele\u0148. \u017d\u00e1dn\u00e9 zdrav\u00e9 vzrostl\u00e9 stromy nebudou pok\u00e1ceny.<\/p>\n<p><a href=\"http:\/\/letnanskelentilky.cz\/wp-content\/uploads\/STUDIE_HADI-STEZKA-FRYCOVICKA_Page_05.jpg\"><img loading=\"lazy\" class=\"aligncenter size-large wp-image-892\" title=\"STUDIE_HADI STEZKA FRYCOVICKA_Page_05\" src=\"http:\/\/letnanskelentilky.cz\/wp-content\/uploads\/STUDIE_HADI-STEZKA-FRYCOVICKA_Page_05-1024x723.jpg\" alt=\"\" width=\"584\" height=\"412\"><\/a><\/p>\n<p><strong>Aktivity<\/strong><\/p>\n<p>Do \u00fazem\u00ed je nutn\u00e9 dodat mo\u017enost ve\u0159ejn\u00fdch aktivit a vyu\u017eit\u00ed ve\u0159ejn\u00e9ho prostoru. Na z\u00e1klad\u011b pr\u016fzkumu mezi obyvateli bylo zji\u0161t\u011bno, co jim opravdu sch\u00e1z\u00ed. Hlavn\u00edm probl\u00e9mem je nedostatek mo\u017en\u00e9ho posezen\u00ed v parku, d\u011btsk\u00e1 h\u0159i\u0161t\u011b a m\u011bstsk\u00fd mobili\u00e1\u0159 jako nap\u0159. odpadkov\u00e9 ko\u0161e. V prostoru byly vymezeny m\u00edsta pro um\u00edst\u011bn\u00ed takov\u00fdch prvk\u016f. V ji\u017en\u00ed \u010d\u00e1sti je situov\u00e1no \u201en\u00e1m\u011bst\u00ed\u201c, kter\u00e9 je na oslun\u011bn\u00e9m m\u00edst\u011b a z\u00e1rove\u0148 p\u0159ed vstupem do sportovn\u00edho are\u00e1lu, je\u017e je velmi vyu\u017e\u00edvan\u00fdm prvkem. Tak\u00e9 je zde n\u00e1stup na \u201ehad\u00ed stezku\u201c, ke kter\u00e9 jsou p\u0159idru\u017eeny dal\u0161\u00ed funkce.<\/p>\n<p>Pod ter\u00e9nn\u00edm zlomem se nach\u00e1z\u00ed h\u0159i\u0161t\u011b pro men\u0161\u00ed d\u011bti a na severn\u00ed \u010d\u00e1sti u z\u00e1kladn\u00ed \u0161koly je posezen\u00ed pro kohokoli, kdo hled\u00e1 odpo\u010dinek. U vstupu do \u00fazem\u00ed vedle panelov\u00e9ho domu se nach\u00e1z\u00ed ty\u010dov\u00e9 bludi\u0161t\u011b pro v\u0161echny v\u011bkov\u00e9 kategorie. Pod\u00e9l cel\u00e9 cesty vede \u010derven\u00fd had, kter\u00fd je v\u00fdrazn\u00fdm prvkem a p\u0159in\u00e1\u0161\u00ed do prostoru \u017eivot a barvu. Had ob\u010das \u201ezajede\u201c do ter\u00e9nu, nicm\u00e9n\u011b na ur\u010dit\u00fdch m\u00edstech je mo\u017en\u00e9 ho vyu\u017e\u00edt jako lavi\u010dku, prol\u00e9za\u010dku \u010di skluzavku.<\/p>\n<p><a href=\"http:\/\/letnanskelentilky.cz\/wp-content\/uploads\/01-p\u016fdorys.jpg\" target=\"_blank\" rel=\"noopener noreferrer\"><img loading=\"lazy\" class=\"aligncenter size-large wp-image-895\" title=\"STUDIE_HADI STEZKA FRYCOVICKA_Page_08\" src=\"http:\/\/letnanskelentilky.cz\/wp-content\/uploads\/STUDIE_HADI-STEZKA-FRYCOVICKA_Page_08-1024x498.jpg\" alt=\"\" width=\"584\" height=\"284\"><\/a><\/p>\n<p><strong>Financov\u00e1n\u00ed<\/strong><\/p>\n<p><strong><\/strong>Rozpo\u010det Let\u0148an je v&nbsp;sou\u010dasn\u00e9 dob\u011b omezen, nicm\u00e9n\u011b veden\u00ed radnice \u0159e\u0161\u00ed financov\u00e1n\u00ed z&nbsp;dota\u010dn\u00edch projekt\u016f Magistr\u00e1tu a Ministerstva \u017eivotn\u00edho prost\u0159ed\u00ed. V&nbsp;sou\u010dasn\u00e9 dob\u011b prob\u00edhaj\u00ed projektov\u00e9 pr\u00e1ce, na kter\u00e9 nav\u00e1\u017ee stavebn\u00ed \u0159\u00edzen\u00ed. Do konce roku 2013 bude zn\u00e1mo, zda se Had\u00ed stezku poda\u0159\u00ed v&nbsp;p\u0159\u00edst\u00edm roce realizovat, \u010di budeme muset \u010dekat na lep\u0161\u00ed finan\u010dn\u00ed situaci.<\/p>\n<p>V&nbsp;p\u0159\u00edpad\u011b jak\u00fdchkoli koment\u00e1\u0159\u016f k&nbsp;Had\u00ed stezce vyu\u017eijte p\u0159\u00edm\u00fd kontakt: <a href=\"mailto:mikulecky@letnany.cz\">mikulecky@letnany.cz<\/a>. M\u00e1te tak\u00e9 mo\u017enost vyj\u00e1d\u0159it V\u00e1\u0161 n\u00e1zor n\u00ed\u017ee.<\/p>\n<p><a href=\"http:\/\/letnanskelentilky.cz\/wp-content\/uploads\/STUDIE_HADI-STEZKA-FRYCOVICKA.pdf\" target=\"_blank\" rel=\"noopener noreferrer\">Prezentace Had\u00ed stezka Fry\u010dovick\u00e1 &#8211; st\u00e1hnout<\/a><\/p>\n","protected":false},"excerpt":{"rendered":"<p>Popul\u00e1rn\u00ed projekt Let\u0148ansk\u00fdch lentilek se roz\u0161\u00ed\u0159\u00ed do dal\u0161\u00ed \u010d\u00e1sti s\u00eddli\u0161t\u011b. Zat\u00edm Lentilky kon\u010dily na K\u0159ivokl\u00e1tsk\u00e9 ulici, nicm\u00e9n\u011b i dal\u0161\u00ed \u010d\u00e1sti s\u00eddli\u0161t\u011b pot\u0159ebuj\u00ed renovaci. Okol\u00ed z\u00e1kladn\u00ed \u0161koly Fry\u010dovick\u00e1 je \u010d\u00e1ste\u010dn\u011b revitalizov\u00e1no, bylo postaveno sportovn\u00ed h\u0159i\u0161t\u011b, v&nbsp;ji\u017en\u00ed \u010d\u00e1sti je velmi obl\u00edben\u00e1 ps\u00ed louka. Po prav\u00e9 stran\u011b \u0161koly se v\u0161ak nach\u00e1z\u00ed prostor, kter\u00fd nebyl po \u0159adu let udr\u017eovan\u00fd.<\/p>\n","protected":false},"author":1,"featured_media":0,"comment_status":"closed","ping_status":"open","sticky":false,"template":"","format":"standard","meta":[],"categories":[10,7],"tags":[],"_links":{"self":[{"href":"https:\/\/www.jan-mikulecky.cz\/index.php\/wp-json\/wp\/v2\/posts\/886"}],"collection":[{"href":"https:\/\/www.jan-mikulecky.cz\/index.php\/wp-json\/wp\/v2\/posts"}],"about":[{"href":"https:\/\/www.jan-mikulecky.cz\/index.php\/wp-json\/wp\/v2\/types\/post"}],"author":[{"embeddable":true,"href":"https:\/\/www.jan-mikulecky.cz\/index.php\/wp-json\/wp\/v2\/users\/1"}],"replies":[{"embeddable":true,"href":"https:\/\/www.jan-mikulecky.cz\/index.php\/wp-json\/wp\/v2\/comments?post=886"}],"version-history":[{"count":1,"href":"https:\/\/www.jan-mikulecky.cz\/index.php\/wp-json\/wp\/v2\/posts\/886\/revisions"}],"predecessor-version":[{"id":2776,"href":"https:\/\/www.jan-mikulecky.cz\/index.php\/wp-json\/wp\/v2\/posts\/886\/revisions\/2776"}],"wp:attachment":[{"href":"https:\/\/www.jan-mikulecky.cz\/index.php\/wp-json\/wp\/v2\/media?parent=886"}],"wp:term":[{"taxonomy":"category","embeddable":true,"href":"https:\/\/www.jan-mikulecky.cz\/index.php\/wp-json\/wp\/v2\/categories?post=886"},{"taxonomy":"post_tag","embeddable":true,"href":"https:\/\/www.jan-mikulecky.cz\/index.php\/wp-json\/wp\/v2\/tags?post=886"}],"curies":[{"name":"wp","href":"https:\/\/api.w.org\/{rel}","templated":true}]}}