{"id":972,"date":"2021-01-10T01:54:29","date_gmt":"2021-01-10T01:54:29","guid":{"rendered":"http:\/\/letnanskelentilky.cz\/?p=972"},"modified":"2020-08-27T09:13:18","modified_gmt":"2020-08-27T09:13:18","slug":"parkovani-u-mistecke-587-589","status":"publish","type":"post","link":"https:\/\/www.jan-mikulecky.cz\/index.php\/2021\/01\/10\/parkovani-u-mistecke-587-589\/","title":{"rendered":"Parkov\u00e1n\u00ed u M\u00edsteck\u00e9 567-569"},"content":{"rendered":"<p><a href=\"http:\/\/letnanskelentilky.cz\/wp-content\/uploads\/M\u00edsteck\u00e1-567-9-parkovi\u0161t\u011b2.jpg\"><img loading=\"lazy\" class=\"alignleft size-thumbnail wp-image-284\" title=\"M\u00edsteck\u00e1 567-9 parkovi\u0161t\u011b\" alt=\"\" src=\"http:\/\/letnanskelentilky.cz\/wp-content\/uploads\/M\u00edsteck\u00e1-567-9-parkovi\u0161t\u011b2-150x150.jpg\" width=\"150\" height=\"150\"><\/a>Radn\u00ed Jan Mikuleck\u00fd uspo\u0159\u00e1dal v dubnu 2012 jedn\u00e1n\u00ed se z\u00e1stupci SVJ M\u00edsteck\u00e1 567-569, kde bylo parkov\u00e1n\u00ed jedn\u00edm z t\u00e9mat. Z\u00e1stupci SVJ vyj\u00e1d\u0159ili podporu jedn\u00e9 z variant, kter\u00e1 m\u011bn\u00ed osu parkovi\u0161t\u011b, v\u00edce <a title=\"Varianty parkovi\u0161t\u011b M\u00edsteck\u00e1 x Krausova\" href=\"http:\/\/letnanskelentilky.cz\/varianty-parkoviste-mistecka-x-krausova\/\">zde<\/a>.&nbsp;Zm\u011bna osy byla ze strany Policie \u010cR odsouhlasena pouze podm\u00edn\u011bn\u011b a v r\u00e1mci dal\u0161\u00edch projektov\u00fdch prac\u00ed byly detailn\u011b posuzov\u00e1ny v\u00fdjezdy do M\u00edsteck\u00e9 ulice. Policie \u010cR vydala kone\u010dn\u00e9 stanovisko, \u017ee osu parkovi\u0161t\u011b p\u0159ed domem&nbsp;je nutn\u00e9 zachovat.<!--more--><\/p>\n<p>Okol\u00ed parkovi\u0161t\u011b, zele\u0148 i kopce z\u016fst\u00e1vaj\u00ed podle posledn\u00edho n\u00e1vrhu. Osa parkovi\u0161t\u011b bude oto\u010dena pouze u domu M\u00edsteck\u00e1 448, co\u017e Policie \u010cR schv\u00e1lila. Zachov\u00e1n\u00ed sou\u010dasn\u00e9 osy parkovi\u0161t\u011b nen\u00ed pro celkov\u00fd v\u00fdsledek projektu nijak z\u00e1sadn\u00ed. Bude pouze dle po\u017eadavk\u016f P\u010cR &#8222;zaslepen&#8220; vjezd do Krausovy ulice, co\u017e p\u0159inese zklidn\u011bn\u00ed a zv\u00fd\u0161en\u00ed bezpe\u010dnosti k\u0159i\u017eovatky N\u00fddeck\u00e1 x M\u00edsteck\u00e1 x Krasova. Zimn\u00ed \u00fadr\u017eba v zaslepen\u00e9 \u010d\u00e1sti parkovi\u0161t\u011b bude zaji\u0161t\u011bna tak, aby byl v\u017edy k dispozici maxim\u00e1ln\u00ed po\u010det parkovac\u00edch m\u00edst.<\/p>\n<p><a href=\"http:\/\/letnanskelentilky.cz\/wp-content\/uploads\/Parkovani-mistecka-130509.png\"><img loading=\"lazy\" class=\"alignleft size-large wp-image-982\" title=\"Parkovani mistecka 130509\" alt=\"\" src=\"http:\/\/letnanskelentilky.cz\/wp-content\/uploads\/Parkovani-mistecka-130509-1024x600.png\" width=\"584\" height=\"342\"><\/a><\/p>\n<p>&nbsp;<\/p>\n","protected":false},"excerpt":{"rendered":"<p>Radn\u00ed Jan Mikuleck\u00fd uspo\u0159\u00e1dal v dubnu 2012 jedn\u00e1n\u00ed se z\u00e1stupci SVJ M\u00edsteck\u00e1 567-569, kde bylo parkov\u00e1n\u00ed jedn\u00edm z t\u00e9mat. Z\u00e1stupci SVJ vyj\u00e1d\u0159ili podporu jedn\u00e9 z variant, kter\u00e1 m\u011bn\u00ed osu parkovi\u0161t\u011b, v\u00edce zde.&nbsp;Zm\u011bna osy byla ze strany Policie \u010cR odsouhlasena pouze podm\u00edn\u011bn\u011b a v r\u00e1mci dal\u0161\u00edch projektov\u00fdch prac\u00ed byly detailn\u011b posuzov\u00e1ny v\u00fdjezdy do M\u00edsteck\u00e9 ulice. Policie &hellip; <\/p>\n<p class=\"link-more\"><a href=\"https:\/\/www.jan-mikulecky.cz\/index.php\/2021\/01\/10\/parkovani-u-mistecke-587-589\/\" class=\"more-link\">Pokra\u010dovat ve \u010dten\u00ed<span class=\"screen-reader-text\"> &#8222;Parkov\u00e1n\u00ed u M\u00edsteck\u00e9 567-569&#8220;<\/span><\/a><\/p>\n","protected":false},"author":1,"featured_media":0,"comment_status":"closed","ping_status":"closed","sticky":false,"template":"","format":"standard","meta":[],"categories":[6,12,15,13],"tags":[],"_links":{"self":[{"href":"https:\/\/www.jan-mikulecky.cz\/index.php\/wp-json\/wp\/v2\/posts\/972"}],"collection":[{"href":"https:\/\/www.jan-mikulecky.cz\/index.php\/wp-json\/wp\/v2\/posts"}],"about":[{"href":"https:\/\/www.jan-mikulecky.cz\/index.php\/wp-json\/wp\/v2\/types\/post"}],"author":[{"embeddable":true,"href":"https:\/\/www.jan-mikulecky.cz\/index.php\/wp-json\/wp\/v2\/users\/1"}],"replies":[{"embeddable":true,"href":"https:\/\/www.jan-mikulecky.cz\/index.php\/wp-json\/wp\/v2\/comments?post=972"}],"version-history":[{"count":1,"href":"https:\/\/www.jan-mikulecky.cz\/index.php\/wp-json\/wp\/v2\/posts\/972\/revisions"}],"predecessor-version":[{"id":2778,"href":"https:\/\/www.jan-mikulecky.cz\/index.php\/wp-json\/wp\/v2\/posts\/972\/revisions\/2778"}],"wp:attachment":[{"href":"https:\/\/www.jan-mikulecky.cz\/index.php\/wp-json\/wp\/v2\/media?parent=972"}],"wp:term":[{"taxonomy":"category","embeddable":true,"href":"https:\/\/www.jan-mikulecky.cz\/index.php\/wp-json\/wp\/v2\/categories?post=972"},{"taxonomy":"post_tag","embeddable":true,"href":"https:\/\/www.jan-mikulecky.cz\/index.php\/wp-json\/wp\/v2\/tags?post=972"}],"curies":[{"name":"wp","href":"https:\/\/api.w.org\/{rel}","templated":true}]}}