{"id":992,"date":"2021-01-08T01:14:23","date_gmt":"2021-01-08T01:14:23","guid":{"rendered":"http:\/\/letnanskelentilky.cz\/?p=992"},"modified":"2020-08-27T09:12:58","modified_gmt":"2020-08-27T09:12:58","slug":"letnanske-sidliste-se-meni-podle-prani-jeho-obyvatel","status":"publish","type":"post","link":"https:\/\/www.jan-mikulecky.cz\/index.php\/2021\/01\/08\/letnanske-sidliste-se-meni-podle-prani-jeho-obyvatel\/","title":{"rendered":"Let\u0148ansk\u00e9 s\u00eddli\u0161t\u011b se m\u011bn\u00ed podle p\u0159\u00e1n\u00ed jeho obyvatel"},"content":{"rendered":"<p><a href=\"http:\/\/letnanskelentilky.cz\/wp-content\/uploads\/M\u00edsteck\u00e1-567-9-parkovi\u0161t\u011b2.jpg\"><img loading=\"lazy\" class=\"alignleft size-thumbnail wp-image-284\" title=\"M\u00edsteck\u00e1 567-9 parkovi\u0161t\u011b\" src=\"http:\/\/letnanskelentilky.cz\/wp-content\/uploads\/M\u00edsteck\u00e1-567-9-parkovi\u0161t\u011b2-150x150.jpg\" alt=\"\" width=\"150\" height=\"150\"><\/a>Let\u0148ansk\u00e9 s\u00eddli\u0161t\u011b bylo dlouho opom\u00edjen\u00e9 a zanedb\u00e1van\u00e9. Od devades\u00e1t\u00fdch let postupn\u011b pustlo. Domy po letech om\u0161ely, ve\u0159ejn\u00e9 plochy s&nbsp;lavi\u010dkami a d\u011btsk\u00fdmi h\u0159i\u0161ti byly zni\u010den\u00e9 a nepou\u017eiteln\u00e9 ke&nbsp;sv\u00e9mu \u00fa\u010delu. S\u00eddli\u0161t\u011b se pozvolna st\u00e1valo smutn\u00fdm a nehostinn\u00fdm m\u00edstem k&nbsp;\u017eivotu. Projekt Let\u0148ansk\u00fdch lentilek, kter\u00fd nyn\u00ed \u010dek\u00e1 na vyhodnocen\u00ed dota\u010dn\u00ed \u017e\u00e1dosti, by m\u011bl v&nbsp;p\u0159\u00ed\u0161t\u00edm roce \u010d\u00e1st s\u00eddli\u0161t\u011b zm\u011bnit k&nbsp;nepozn\u00e1n\u00ed. Budou nov\u00e9 chodn\u00edky, h\u0159i\u0161t\u011b pro d\u011bti, odpo\u010dinkov\u00e9 plochy a v\u00edce zelen\u011b. Projekt tak\u00e9 nezapom\u00edn\u00e1 na \u0159idi\u010de, a proto vzniknou nov\u00e1 parkovac\u00ed m\u00edsta a bude upravena doprava v&nbsp;ulic\u00edch.<!--more--><\/p>\n<p>P\u0159\u00edprava tak velk\u00e9ho projektu trv\u00e1 m\u011bs\u00edce a roky a m\u00e1 \u0159adu f\u00e1z\u00ed. Za\u010d\u00edn\u00e1 se anal\u00fdzou \u00fazem\u00ed a&nbsp;architektonickou studi\u00ed, pak p\u0159ich\u00e1z\u00ed projekt pro \u00fazemn\u00ed \u0159\u00edzen\u00ed a stavebn\u00ed povolen\u00ed. P\u0159ed realizac\u00ed je nutn\u00e9 ve slo\u017eit\u00e9m v\u00fdb\u011brov\u00e9m \u0159\u00edzen\u00ed zvolit vhodn\u00e9ho dodavatele. Radn\u00ed Jan Mikuleck\u00fd za\u010dal na projektu pracovat hned v&nbsp;prvn\u00edch m\u011bs\u00edc\u00edch po komun\u00e1ln\u00edch volb\u00e1ch v&nbsp;roce 2010: <em>\u201e\u0160el jsem do politiky prim\u00e1rn\u011b s&nbsp;c\u00edlem zlep\u0161it prost\u0159ed\u00ed na na\u0161em s\u00eddli\u0161ti. Nen\u00ed mi lhostejn\u00e9 okol\u00ed na\u0161eho domu a p\u0159\u00e1l bych si, abychom \u017eili v&nbsp;mnohem kvalitn\u011bj\u0161\u00edm prostoru ne\u017e nyn\u00ed.\u201c<\/em><\/p>\n<p><a href=\"http:\/\/letnanskelentilky.cz\/wp-content\/uploads\/M\u00edsteck\u00e1-567-9-p\u0159ed-domem1.jpg\"><img loading=\"lazy\" class=\"aligncenter size-full wp-image-127\" title=\"M\u00edsteck\u00e1 567-9 p\u0159ed domem\" src=\"http:\/\/letnanskelentilky.cz\/wp-content\/uploads\/M\u00edsteck\u00e1-567-9-p\u0159ed-domem1.jpg\" alt=\"\" width=\"800\" height=\"520\"><\/a><\/p>\n<p>V\u0161echny zm\u011bny na s\u00eddli\u0161ti jsou detailn\u011b konzultov\u00e1ny s&nbsp;obyvateli od sam\u00e9ho po\u010d\u00e1tku. Prvn\u00ed ve\u0159ejn\u00e1 prezentace Let\u0148ansk\u00fdch lentilek prob\u011bhla v&nbsp;z\u00e1\u0159\u00ed 2011 a od t\u00e9 doby prob\u00edh\u00e1 kontinu\u00e1ln\u00ed diskuse o&nbsp;projektu. V\u0161echny informace, podklady a v\u00fdkresy jsou k&nbsp;dispozici na tomto webu. Lid\u00e9 zde mohou diskutovat a ps\u00e1t koment\u00e1\u0159e a dotazy. \u201e<em>\u0158ada obyvatel s\u00eddli\u0161t\u011b vyu\u017e\u00edv\u00e1 m\u00e9 osobn\u00ed kontakty, kter\u00e9 jsou v\u0161em k&nbsp;dispozici nejen v&nbsp;pracovn\u00ed dny. Jsem r\u00e1d, \u017ee m\u011b v\u00fdbory SVJ zvou na shrom\u00e1\u017ed\u011bn\u00ed, kde je mo\u017en\u00e9 prodiskutovat v\u0161echny ot\u00e1zky p\u0159\u00edmo s&nbsp;obyvateli dom\u016f,\u201c<\/em> doplnil Jan Mikuleck\u00fd.<\/p>\n<p>D\u016fkazem o maxim\u00e1ln\u00ed transparentnosti a otev\u0159enosti radnice k&nbsp;podn\u011bt\u016fm ob\u010dan\u016f jsou budouc\u00ed zm\u011bny nap\u0159\u00edklad v&nbsp;Ku\u017eelov\u011b ulici. Obyvatel\u00e9 10ti vchod\u016f si <a title=\"Variantn\u00ed \u0159e\u0161en\u00ed ulice Ku\u017eelova\" href=\"http:\/\/letnanskelentilky.cz\/variantni-reseni-ulice-kuzelova\/\">sami vybrali ze 3 mo\u017en\u00fdch variant<\/a>, jak by jejich okol\u00ed m\u011blo vypadat. Stejn\u011b tak tomu bylo i u domu <a title=\"Varianty parkovi\u0161t\u011b M\u00edsteck\u00e1 x Krausova\" href=\"http:\/\/letnanskelentilky.cz\/varianty-parkoviste-mistecka-x-krausova\/\">M\u00edsteck\u00e1 587-589<\/a>, kde prob\u011bhlo setk\u00e1n\u00ed se z\u00e1stupci SVJ a projekt byl upraven p\u0159esn\u011b podle jejich n\u00e1vrh\u016f. V&nbsp;r\u00e1mci \u00fazemn\u00edho \u0159\u00edzen\u00ed p\u0159i\u0161lo n\u011bkolik p\u0159ipom\u00ednek, z&nbsp;nich\u017e v\u0161echny byly \u0159\u00e1dn\u011b vypo\u0159\u00e1d\u00e1ny a projekt byl podle nich upraven. Nap\u0159\u00edklad v&nbsp;I<a title=\"Parkov\u00e1n\u00ed v Ivan\u010dick\u00e9: zm\u011bna podle po\u017eadavk\u016f obyvatel\" href=\"http:\/\/letnanskelentilky.cz\/parkovani-v-ivancicke-zmena-podle-pozadavku-obyvatel\/\">van\u010dick\u00e9 ulici byla zm\u011bn\u011bna parkovac\u00ed m\u00edsta<\/a> tak, aby vyhovovala po\u017eadavk\u016fm obyvatel vchod\u016f 580 &#8211; 582.<\/p>\n<p><a href=\"http:\/\/letnanskelentilky.cz\/wp-content\/uploads\/cropped-kuzelova_varA.jpg\"><img loading=\"lazy\" class=\"aligncenter size-full wp-image-33\" title=\"cropped-kuzelova_varA.jpg\" src=\"http:\/\/letnanskelentilky.cz\/wp-content\/uploads\/cropped-kuzelova_varA.jpg\" alt=\"\" width=\"1000\" height=\"288\"><\/a><\/p>\n<p>Budoucnost s\u00eddli\u0161t\u011b je pln\u011b v&nbsp;rukou jeho obyvatel, kte\u0159\u00ed evidentn\u011b cht\u011bj\u00ed zm\u011bnu. D\u016fkazem je st\u00e1le v\u00edce revitalizovan\u00fdch dom\u016f, kter\u00e9 si spravuj\u00ed p\u0159\u00edmo jejich obyvatel\u00e9. Ka\u017ed\u00fd aktivn\u00ed z\u00e1stupce SVJ si zaslou\u017e\u00ed obrovsk\u00fd d\u00edk za to, \u017ee p\u0159isp\u00edv\u00e1 k&nbsp;obnov\u011b star\u00e9ho s\u00eddli\u0161t\u011b. Snad i dal\u0161\u00ed vchody si vezmou p\u0159\u00edklad a&nbsp;pust\u00ed se do pr\u00e1ce. Radnice v&nbsp;maxim\u00e1ln\u00ed mo\u017en\u00e9 m\u00ed\u0159e podporuje rekonstrukce panel\u00e1k\u016f nap\u0159\u00edklad formou semin\u00e1\u0159\u016f, kter\u00e9 maj\u00ed z\u00e1stupc\u016fm SVJ pomoci ve slo\u017eit\u00e9 situaci, kterou zateplen\u00ed nebo v\u00fdm\u011bna v\u00fdtahu ur\u010dit\u011b je. V&nbsp;leto\u0161n\u00edm i lo\u0148sk\u00e9m roce uspo\u0159\u00e1dal radn\u00ed Mikuleck\u00fd ve spolupr\u00e1ci s&nbsp;dal\u0161\u00edmi z\u00e1stupci SVJ <a title=\"Semin\u00e1\u0159 o revitalizaci pro SVJ\" href=\"http:\/\/letnanskelentilky.cz\/seminar-o-revitalizaci-pro-svj\/\">semin\u00e1\u0159e, kde se mohli lid\u00e9 sezn\u00e1mit, jak p\u0159i revitalizaci domu postupovat<\/a>. Z\u00e1rove\u0148 zde prob\u00edhala \u017eiv\u00e1 diskuse nad Lentilkami a ob\u010dan\u00e9 se mohli p\u0159\u00edmo zeptat na cokoli, co se projektu t\u00fdkalo.<\/p>\n<p><em>\u201eCel\u00fd projekt Let\u0148ansk\u00fdch lentilek je od za\u010d\u00e1tku tvo\u0159en spole\u010dn\u011b s&nbsp;obyvateli s\u00eddli\u0161t\u011b,\u201c <\/em>\u0159ekl radn\u00ed Mikuleck\u00fd,<em> \u201eDost\u00e1v\u00e1m \u0159adu dotaz\u016f a n\u00e1vrh\u016f na zm\u011bny a t\u00e9m\u011b\u0159 v\u0161echny jsou do projektu zapracov\u00e1ny. Ob\u010das je sice slo\u017eit\u00e9 dos\u00e1hnout schody, by\u0165 jen v&nbsp;r\u00e1mci jednoho domu, ale v\u017edy se dohodneme. Lid\u00e9 ch\u00e1pou, \u017ee na s\u00eddli\u0161ti \u017eijeme v\u0161ichni a ka\u017ed\u00fd z&nbsp;n\u00e1s m\u016f\u017ee m\u00edt r\u016fzn\u00e9 p\u0159edstavy o&nbsp;vzhledu na\u0161eho okol\u00ed.\u201c<\/em><\/p>\n<p><a href=\"http:\/\/letnanskelentilky.cz\/wp-content\/uploads\/Lentilka-posezeni.png\"><img loading=\"lazy\" class=\"aligncenter size-full wp-image-510\" title=\"Lentilka posezeni\" src=\"http:\/\/letnanskelentilky.cz\/wp-content\/uploads\/Lentilka-posezeni.png\" alt=\"\" width=\"701\" height=\"423\"><\/a><\/p>\n<p>Let\u0148ansk\u00e9 lentilky jsou komplexn\u00ed projekt pro cel\u00e9 s\u00eddli\u0161t\u011b, kter\u00e9 ob\u00fdv\u00e1 v\u00edce jak 3500 lid\u00ed. Ten, kdo by o\u010dek\u00e1val, \u017ee <a title=\"Vize\" href=\"http:\/\/letnanskelentilky.cz\/vize\/\">s projektem budou v\u0161ichni souhlasit na 100%<\/a>, by nebyl realista. Pr\u00e1v\u011b aktivn\u00ed p\u0159\u00edstup Let\u0148ansk\u00e9 radnice v\u0161ak je prost\u0159edkem k dosa\u017een\u00ed jednotn\u00e9ho souhlasu s projektem. Jeho rozs\u00e1hlost s sebou p\u0159in\u00e1\u0161\u00ed r\u016fzn\u00e9 n\u00e1zory a v\u017edy je nutn\u00e9 hledat kompromis. Radnice \u0159e\u0161\u00ed v\u0161echny koment\u00e1\u0159e od ob\u010dan\u016f. Jedn\u00e1n\u00ed s&nbsp;SVJ a dal\u0161\u00edmi obyvateli, jejich\u017e v\u00fdsledkem jsou realizovan\u00e9 zm\u011bny oproti prvn\u00ed verzi, dokazuj\u00ed, \u017ee sami lid\u00e9 rozhoduj\u00ed o budoucnosti sv\u00e9ho okol\u00ed.<\/p>\n","protected":false},"excerpt":{"rendered":"<p>Let\u0148ansk\u00e9 s\u00eddli\u0161t\u011b bylo dlouho opom\u00edjen\u00e9 a zanedb\u00e1van\u00e9. Od devades\u00e1t\u00fdch let postupn\u011b pustlo. Domy po letech om\u0161ely, ve\u0159ejn\u00e9 plochy s&nbsp;lavi\u010dkami a d\u011btsk\u00fdmi h\u0159i\u0161ti byly zni\u010den\u00e9 a nepou\u017eiteln\u00e9 ke&nbsp;sv\u00e9mu \u00fa\u010delu. S\u00eddli\u0161t\u011b se pozvolna st\u00e1valo smutn\u00fdm a nehostinn\u00fdm m\u00edstem k&nbsp;\u017eivotu. Projekt Let\u0148ansk\u00fdch lentilek, kter\u00fd nyn\u00ed \u010dek\u00e1 na vyhodnocen\u00ed dota\u010dn\u00ed \u017e\u00e1dosti, by m\u011bl v&nbsp;p\u0159\u00ed\u0161t\u00edm roce \u010d\u00e1st s\u00eddli\u0161t\u011b zm\u011bnit k&nbsp;nepozn\u00e1n\u00ed. &hellip; <\/p>\n<p class=\"link-more\"><a href=\"https:\/\/www.jan-mikulecky.cz\/index.php\/2021\/01\/08\/letnanske-sidliste-se-meni-podle-prani-jeho-obyvatel\/\" class=\"more-link\">Pokra\u010dovat ve \u010dten\u00ed<span class=\"screen-reader-text\"> &#8222;Let\u0148ansk\u00e9 s\u00eddli\u0161t\u011b se m\u011bn\u00ed podle p\u0159\u00e1n\u00ed jeho obyvatel&#8220;<\/span><\/a><\/p>\n","protected":false},"author":1,"featured_media":0,"comment_status":"closed","ping_status":"open","sticky":false,"template":"","format":"standard","meta":[],"categories":[5],"tags":[],"_links":{"self":[{"href":"https:\/\/www.jan-mikulecky.cz\/index.php\/wp-json\/wp\/v2\/posts\/992"}],"collection":[{"href":"https:\/\/www.jan-mikulecky.cz\/index.php\/wp-json\/wp\/v2\/posts"}],"about":[{"href":"https:\/\/www.jan-mikulecky.cz\/index.php\/wp-json\/wp\/v2\/types\/post"}],"author":[{"embeddable":true,"href":"https:\/\/www.jan-mikulecky.cz\/index.php\/wp-json\/wp\/v2\/users\/1"}],"replies":[{"embeddable":true,"href":"https:\/\/www.jan-mikulecky.cz\/index.php\/wp-json\/wp\/v2\/comments?post=992"}],"version-history":[{"count":1,"href":"https:\/\/www.jan-mikulecky.cz\/index.php\/wp-json\/wp\/v2\/posts\/992\/revisions"}],"predecessor-version":[{"id":2777,"href":"https:\/\/www.jan-mikulecky.cz\/index.php\/wp-json\/wp\/v2\/posts\/992\/revisions\/2777"}],"wp:attachment":[{"href":"https:\/\/www.jan-mikulecky.cz\/index.php\/wp-json\/wp\/v2\/media?parent=992"}],"wp:term":[{"taxonomy":"category","embeddable":true,"href":"https:\/\/www.jan-mikulecky.cz\/index.php\/wp-json\/wp\/v2\/categories?post=992"},{"taxonomy":"post_tag","embeddable":true,"href":"https:\/\/www.jan-mikulecky.cz\/index.php\/wp-json\/wp\/v2\/tags?post=992"}],"curies":[{"name":"wp","href":"https:\/\/api.w.org\/{rel}","templated":true}]}}