{"id":997,"date":"2021-01-16T01:16:58","date_gmt":"2021-01-16T01:16:58","guid":{"rendered":"http:\/\/letnanskelentilky.cz\/?p=997"},"modified":"2020-08-27T09:14:25","modified_gmt":"2020-08-27T09:14:25","slug":"parkovani-v-ivancicke-zmena-podle-pozadavku-obyvatel","status":"publish","type":"post","link":"https:\/\/www.jan-mikulecky.cz\/index.php\/2021\/01\/16\/parkovani-v-ivancicke-zmena-podle-pozadavku-obyvatel\/","title":{"rendered":"Parkov\u00e1n\u00ed v Ivan\u010dick\u00e9: zm\u011bna podle po\u017eadavk\u016f obyvatel"},"content":{"rendered":"<p><a href=\"http:\/\/letnanskelentilky.cz\/wp-content\/uploads\/Ivancicka.png\"><img loading=\"lazy\" class=\"alignleft size-thumbnail wp-image-444\" title=\"Ivancicka\" src=\"http:\/\/letnanskelentilky.cz\/wp-content\/uploads\/Ivancicka-150x150.png\" alt=\"\" width=\"150\" height=\"150\"><\/a>Obyvatel\u00e9 z Ivan\u010dick\u00e9 ulice zaslali v r\u00e1mci \u00fazemn\u00edho \u0159\u00edzen\u00ed p\u0159ipom\u00ednky k parkovac\u00edm m\u00edst\u016fm p\u0159ed jejich domem. Prim\u00e1rn\u011b na z\u00e1klad\u011b po\u017eadavku&nbsp;SVJ 581 bude zachov\u00e1n st\u00e1vaj\u00edc\u00ed stav, kde jsou pouze pod\u00e9ln\u00e1 parkovac\u00ed m\u00edsta. Kolm\u00e1 m\u00edsta nebudou realizov\u00e1na ani na jedn\u00e9 stran\u011b ulice. I p\u0159es tuto zm\u011bnu je st\u00e1le bilance parkovac\u00edch m\u00edst v prvn\u00edch 3 etap\u00e1ch pozitivn\u00ed, tzn. v celkov\u00e9m po\u010dtu bude v\u00edce mo\u017enost\u00ed pro parkov\u00e1n\u00ed ne\u017e v sou\u010dasnosti.<\/p>\n","protected":false},"excerpt":{"rendered":"<p>Obyvatel\u00e9 z Ivan\u010dick\u00e9 ulice zaslali v r\u00e1mci \u00fazemn\u00edho \u0159\u00edzen\u00ed p\u0159ipom\u00ednky k parkovac\u00edm m\u00edst\u016fm p\u0159ed jejich domem. Prim\u00e1rn\u011b na z\u00e1klad\u011b po\u017eadavku&nbsp;SVJ 581 bude zachov\u00e1n st\u00e1vaj\u00edc\u00ed stav, kde jsou pouze pod\u00e9ln\u00e1 parkovac\u00ed m\u00edsta. Kolm\u00e1 m\u00edsta nebudou realizov\u00e1na ani na jedn\u00e9 stran\u011b ulice. I p\u0159es tuto zm\u011bnu je st\u00e1le bilance parkovac\u00edch m\u00edst v prvn\u00edch 3 etap\u00e1ch pozitivn\u00ed, tzn. &hellip; <\/p>\n<p class=\"link-more\"><a href=\"https:\/\/www.jan-mikulecky.cz\/index.php\/2021\/01\/16\/parkovani-v-ivancicke-zmena-podle-pozadavku-obyvatel\/\" class=\"more-link\">Pokra\u010dovat ve \u010dten\u00ed<span class=\"screen-reader-text\"> &#8222;Parkov\u00e1n\u00ed v Ivan\u010dick\u00e9: zm\u011bna podle po\u017eadavk\u016f obyvatel&#8220;<\/span><\/a><\/p>\n","protected":false},"author":1,"featured_media":0,"comment_status":"closed","ping_status":"closed","sticky":false,"template":"","format":"standard","meta":[],"categories":[8,15],"tags":[],"_links":{"self":[{"href":"https:\/\/www.jan-mikulecky.cz\/index.php\/wp-json\/wp\/v2\/posts\/997"}],"collection":[{"href":"https:\/\/www.jan-mikulecky.cz\/index.php\/wp-json\/wp\/v2\/posts"}],"about":[{"href":"https:\/\/www.jan-mikulecky.cz\/index.php\/wp-json\/wp\/v2\/types\/post"}],"author":[{"embeddable":true,"href":"https:\/\/www.jan-mikulecky.cz\/index.php\/wp-json\/wp\/v2\/users\/1"}],"replies":[{"embeddable":true,"href":"https:\/\/www.jan-mikulecky.cz\/index.php\/wp-json\/wp\/v2\/comments?post=997"}],"version-history":[{"count":1,"href":"https:\/\/www.jan-mikulecky.cz\/index.php\/wp-json\/wp\/v2\/posts\/997\/revisions"}],"predecessor-version":[{"id":2781,"href":"https:\/\/www.jan-mikulecky.cz\/index.php\/wp-json\/wp\/v2\/posts\/997\/revisions\/2781"}],"wp:attachment":[{"href":"https:\/\/www.jan-mikulecky.cz\/index.php\/wp-json\/wp\/v2\/media?parent=997"}],"wp:term":[{"taxonomy":"category","embeddable":true,"href":"https:\/\/www.jan-mikulecky.cz\/index.php\/wp-json\/wp\/v2\/categories?post=997"},{"taxonomy":"post_tag","embeddable":true,"href":"https:\/\/www.jan-mikulecky.cz\/index.php\/wp-json\/wp\/v2\/tags?post=997"}],"curies":[{"name":"wp","href":"https:\/\/api.w.org\/{rel}","templated":true}]}}